{"id":366433,"date":"2024-12-20T13:22:47","date_gmt":"2024-12-20T12:22:47","guid":{"rendered":"https:\/\/www.radioluna.it\/news\/?p=366433"},"modified":"2024-12-20T13:22:47","modified_gmt":"2024-12-20T12:22:47","slug":"ater-e-comune-di-latina-insieme-per-ristrutturare-60-appartamenti-nel-quartiere-nicolosi","status":"publish","type":"post","link":"https:\/\/www.radioluna.it\/news\/2024\/12\/ater-e-comune-di-latina-insieme-per-ristrutturare-60-appartamenti-nel-quartiere-nicolosi\/","title":{"rendered":"Ater e Comune di Latina insieme per ristrutturare 60 appartamenti nel quartiere Nicolosi"},"content":{"rendered":"<div id=\"fb-root\"><\/div>\n<p style=\"text-align: justify;\"><strong>LATINA<\/strong> &#8211; Ater e comune di Latina hanno aperto il cantiere per ristrutturare 60 appartamenti\u00a0 con un investimento di 2 milioni di euro nel quartiere Nicolosi. &#8220;Sono particolarmente orgoglioso &#8211; spiega Enrico Dellapieta&#8217; presidente di Ater Latina &#8211; di questo cantiere che sta dentro un intervento pi\u00f9 grande che utilizza i fondi del Pnrr. Un intervento che d\u00e0 il giusto, ad uno dei quartieri anima della citt\u00e0 e primo quartiere popolare di Latina.\u00a0 Ricordo che questo progetto prevede altri\u00a0 lotti per la realizzazione di un nuovo mercato, una biblioteca, una nuova viabilit\u00e0'&#8221;.<\/p>\n<p style=\"text-align: justify;\">All&#8217; apertura del cantiere era presente l&#8217; assessore all&#8217;urbanistica Annalisa Muzio: &#8220;Quando gli operatori pubblici, in questo caso Comune ed Ater, lavorano in sinergia i risultati diventano qualit\u00e0 della vita migliore per i cittadini. Nell\u2019ambito dell\u2019intervento Pinqua, gli uffici stanno lavorando alacremente producendo gli atti che consentirano di procedere alla riqualificazione di un quartiere che rappresenta la storia della citt\u00e0.\u00a0 Con Ater la sinergia \u00e8 piena per dare a questa citt\u00e0 quello che merita e il Nicolosi sar\u00e0 un riferimento di citt\u00e0 umana, di citt\u00e0 che batte il declino&#8221;.<\/p>\n<p style=\"text-align: justify;\">Il vicesindaco Massimiliano Carnevale ha sottolineato: &#8220;Abbiamo lavorato con prospettiva intercettando i fondi del Pnrr e, nelle difficolt\u00e0 oggettive, abbiamo rispetto i tempi che questo tipo di interventi necessitano: la cultura industriale di Ater e scelte amministrative determina del Comune hanno portato a risultati concreti&#8221;.<\/p>\n<p style=\"text-align: justify;\">\n","protected":false},"excerpt":{"rendered":"<p>LATINA &#8211; Ater e comune di Latina hanno aperto il cantiere per ristrutturare 60 appartamenti\u00a0 con un investimento di 2 milioni di euro nel quartiere Nicolosi. &#8220;Sono particolarmente orgoglioso &#8211; spiega Enrico Dellapieta&#8217; presidente di Ater Latina &#8211; di questo cantiere che sta dentro un intervento pi\u00f9 grande che utilizza i fondi del Pnrr. Un [&hellip;]<\/p>\n","protected":false},"author":62,"featured_media":366434,"comment_status":"open","ping_status":"open","sticky":false,"template":"","format":"standard","meta":{"footnotes":""},"categories":[735,7],"tags":[],"class_list":["post-366433","post","type-post","status-publish","format-standard","has-post-thumbnail","hentry","category-attualita","category-cronaca"],"_links":{"self":[{"href":"https:\/\/www.radioluna.it\/news\/wp-json\/wp\/v2\/posts\/366433","targetHints":{"allow":["GET"]}}],"collection":[{"href":"https:\/\/www.radioluna.it\/news\/wp-json\/wp\/v2\/posts"}],"about":[{"href":"https:\/\/www.radioluna.it\/news\/wp-json\/wp\/v2\/types\/post"}],"author":[{"embeddable":true,"href":"https:\/\/www.radioluna.it\/news\/wp-json\/wp\/v2\/users\/62"}],"replies":[{"embeddable":true,"href":"https:\/\/www.radioluna.it\/news\/wp-json\/wp\/v2\/comments?post=366433"}],"version-history":[{"count":1,"href":"https:\/\/www.radioluna.it\/news\/wp-json\/wp\/v2\/posts\/366433\/revisions"}],"predecessor-version":[{"id":366435,"href":"https:\/\/www.radioluna.it\/news\/wp-json\/wp\/v2\/posts\/366433\/revisions\/366435"}],"wp:featuredmedia":[{"embeddable":true,"href":"https:\/\/www.radioluna.it\/news\/wp-json\/wp\/v2\/media\/366434"}],"wp:attachment":[{"href":"https:\/\/www.radioluna.it\/news\/wp-json\/wp\/v2\/media?parent=366433"}],"wp:term":[{"taxonomy":"category","embeddable":true,"href":"https:\/\/www.radioluna.it\/news\/wp-json\/wp\/v2\/categories?post=366433"},{"taxonomy":"post_tag","embeddable":true,"href":"https:\/\/www.radioluna.it\/news\/wp-json\/wp\/v2\/tags?post=366433"}],"curies":[{"name":"wp","href":"https:\/\/api.w.org\/{rel}","templated":true}]}}