{"id":366448,"date":"2024-12-20T17:01:02","date_gmt":"2024-12-20T16:01:02","guid":{"rendered":"https:\/\/www.radioluna.it\/news\/?p=366448"},"modified":"2024-12-23T07:28:50","modified_gmt":"2024-12-23T06:28:50","slug":"sassate-al-pullman-del-latina-calcio-la-digos-identifica-e-denuncia-i-presunti-responsabili","status":"publish","type":"post","link":"https:\/\/www.radioluna.it\/news\/2024\/12\/sassate-al-pullman-del-latina-calcio-la-digos-identifica-e-denuncia-i-presunti-responsabili\/","title":{"rendered":"Sassate al pullman del Latina Calcio: la Digos identifica e denuncia quattro ultr\u00e0 presunti responsabili"},"content":{"rendered":"<div id=\"fb-root\"><\/div>\n<p style=\"text-align: justify;\"><strong>LATINA<\/strong> &#8211; Assaltarono il pullman del Latina Calcio, che era di ritorno dalla pesante sconfitta di Potenza, sbarrando la strada al mezzo per dare il via ad un lancio di pietre, calci e pugni contro i vetri del bus facendo temere per l\u2019incolumit\u00e0 di calciatori e staff.<\/p>\n<p style=\"text-align: justify;\">La Digos della Questura di Latina, guidata dalla dirigente Roberta Silveri, ha ora identificato quattro dei sette assalitori che agirono appostati all\u2019altezza dell\u2019incrocio di via del Murillo a Sezze. Fu usato anche un oggetto pirotecnico. Si tratta di quattro ultr\u00e0 del Latina Calcio, appartenenti alla gruppo Leone Alato,\u00a0 di et\u00e0 compresa tra i 20 e i 30 anni, tutti gi\u00e0 destinatari di Daspo. Non \u00e8 bastato coprirsi il volto con un passamontagna per evitare l&#8217;identificazione.<\/p>\n<p>La societ\u00e0 sportiva ha sporto denuncia dopo alcuni giorni dai fatti ed \u00e8 in corso un&#8217;inchiesta coordinata dalla Procura della Repubblica di Latina.<\/p>\n","protected":false},"excerpt":{"rendered":"<p>LATINA &#8211; Assaltarono il pullman del Latina Calcio, che era di ritorno dalla pesante sconfitta di Potenza, sbarrando la strada al mezzo per dare il via ad un lancio di pietre, calci e pugni contro i vetri del bus facendo temere per l\u2019incolumit\u00e0 di calciatori e staff. La Digos della Questura di Latina, guidata dalla [&hellip;]<\/p>\n","protected":false},"author":60,"featured_media":0,"comment_status":"open","ping_status":"open","sticky":false,"template":"","format":"standard","meta":{"footnotes":""},"categories":[7,2428],"tags":[],"class_list":["post-366448","post","type-post","status-publish","format-standard","hentry","category-cronaca","category-primo-piano"],"_links":{"self":[{"href":"https:\/\/www.radioluna.it\/news\/wp-json\/wp\/v2\/posts\/366448","targetHints":{"allow":["GET"]}}],"collection":[{"href":"https:\/\/www.radioluna.it\/news\/wp-json\/wp\/v2\/posts"}],"about":[{"href":"https:\/\/www.radioluna.it\/news\/wp-json\/wp\/v2\/types\/post"}],"author":[{"embeddable":true,"href":"https:\/\/www.radioluna.it\/news\/wp-json\/wp\/v2\/users\/60"}],"replies":[{"embeddable":true,"href":"https:\/\/www.radioluna.it\/news\/wp-json\/wp\/v2\/comments?post=366448"}],"version-history":[{"count":2,"href":"https:\/\/www.radioluna.it\/news\/wp-json\/wp\/v2\/posts\/366448\/revisions"}],"predecessor-version":[{"id":366453,"href":"https:\/\/www.radioluna.it\/news\/wp-json\/wp\/v2\/posts\/366448\/revisions\/366453"}],"wp:attachment":[{"href":"https:\/\/www.radioluna.it\/news\/wp-json\/wp\/v2\/media?parent=366448"}],"wp:term":[{"taxonomy":"category","embeddable":true,"href":"https:\/\/www.radioluna.it\/news\/wp-json\/wp\/v2\/categories?post=366448"},{"taxonomy":"post_tag","embeddable":true,"href":"https:\/\/www.radioluna.it\/news\/wp-json\/wp\/v2\/tags?post=366448"}],"curies":[{"name":"wp","href":"https:\/\/api.w.org\/{rel}","templated":true}]}}