{"id":366822,"date":"2024-12-30T13:13:30","date_gmt":"2024-12-30T12:13:30","guid":{"rendered":"https:\/\/www.radioluna.it\/news\/?p=366822"},"modified":"2025-01-02T08:38:15","modified_gmt":"2025-01-02T07:38:15","slug":"capodanno-sotto-le-stelle-a-cisterna-attesa-per-euforia-2000","status":"publish","type":"post","link":"https:\/\/www.radioluna.it\/news\/2024\/12\/capodanno-sotto-le-stelle-a-cisterna-attesa-per-euforia-2000\/","title":{"rendered":"Capodanno sotto le Stelle a Cisterna, attesa per \u201cEuforia 2000\u201d"},"content":{"rendered":"<div id=\"fb-root\"><\/div>\n<p style=\"text-align: justify;\"><strong>CISTERNA<\/strong> &#8211;\u00a0 Ballerini, vocalist, dj, musicisti, performer acrobatici per il Capodanno sotto le Stelle di Cisterna. La comunit\u00e0 di Cisterna si prepara a festeggiare la notte dell\u2019ultimo dell\u2019anno con \u201cEuforia 2000\u201d, uno spettacolo\u00a0 che ripercorrer\u00e0 25 anni di musica, con influenze degli anni \u201990, dance e tormentoni anche dell\u2019attualit\u00e0 per una miscellanea di suoni, divertimento, luci e tanta energia.<\/p>\n<p style=\"text-align: justify;\">L\u2019Area Mercato di via delle Province \u00e8 stata allestita e perimetrata per lo show che condurr\u00e0 i cisternesi, e non solo, nella notte magica del 31 dicembre a partire dalle ore 21:30, con la predisposizione di un\u2019area dove chi vuole potr\u00e0 mangiare e bere in attesa della mezzanotte, e di una zona adibita ai servizi igienici. Sul palco, uno show che ricalca l\u2019entusiasmo della serata di Ferragosto, quando la nostra comunit\u00e0 ha ballato e cantato con \u201cNostalgia \u201890\u201d, spettacolo che ha avuto enorme riscontro e successo di pubblico.<\/p>\n<p style=\"text-align: justify;\">\u00abLa nostra idea \u00e8 stata quella di creare un punto di aggregazione cos\u00ec come avviene in occasione della festivit\u00e0 del Santo Patrono, San Rocco, ed in via sperimentale abbiamo voluto offrire questo show invernale nell\u2019area che abbiamo destinato agli eventi, quella in via delle Province dove si svolge il mercato settimanale \u2013 hanno dichiarato il Sindaco di Cisterna Valentino Mantini, l\u2019assessora alla cultura Maria Innamorato e la delegata al turismo, spettacolo ed eventi Aura Contarino \u2013. Stare insieme in una serata di allegria e di svago, dando un\u2019alternativa a giovani e meno giovani, e a chiunque vorr\u00e0 raggiungere l\u2019area a cui si acceder\u00e0 gratuitamente. Sar\u00e0 l\u2019unione tra diverse generazioni, per una sperimentazione che abbiamo voluto tentare per contribuire a migliorare l\u2019offerta di attrattive nella nostra comunit\u00e0\u00bb.<\/p>\n","protected":false},"excerpt":{"rendered":"<p>CISTERNA &#8211;\u00a0 Ballerini, vocalist, dj, musicisti, performer acrobatici per il Capodanno sotto le Stelle di Cisterna. La comunit\u00e0 di Cisterna si prepara a festeggiare la notte dell\u2019ultimo dell\u2019anno con \u201cEuforia 2000\u201d, uno spettacolo\u00a0 che ripercorrer\u00e0 25 anni di musica, con influenze degli anni \u201990, dance e tormentoni anche dell\u2019attualit\u00e0 per una miscellanea di suoni, divertimento, [&hellip;]<\/p>\n","protected":false},"author":60,"featured_media":366823,"comment_status":"open","ping_status":"open","sticky":false,"template":"","format":"standard","meta":{"footnotes":""},"categories":[16],"tags":[],"class_list":["post-366822","post","type-post","status-publish","format-standard","has-post-thumbnail","hentry","category-appuntamenti"],"_links":{"self":[{"href":"https:\/\/www.radioluna.it\/news\/wp-json\/wp\/v2\/posts\/366822","targetHints":{"allow":["GET"]}}],"collection":[{"href":"https:\/\/www.radioluna.it\/news\/wp-json\/wp\/v2\/posts"}],"about":[{"href":"https:\/\/www.radioluna.it\/news\/wp-json\/wp\/v2\/types\/post"}],"author":[{"embeddable":true,"href":"https:\/\/www.radioluna.it\/news\/wp-json\/wp\/v2\/users\/60"}],"replies":[{"embeddable":true,"href":"https:\/\/www.radioluna.it\/news\/wp-json\/wp\/v2\/comments?post=366822"}],"version-history":[{"count":1,"href":"https:\/\/www.radioluna.it\/news\/wp-json\/wp\/v2\/posts\/366822\/revisions"}],"predecessor-version":[{"id":366824,"href":"https:\/\/www.radioluna.it\/news\/wp-json\/wp\/v2\/posts\/366822\/revisions\/366824"}],"wp:featuredmedia":[{"embeddable":true,"href":"https:\/\/www.radioluna.it\/news\/wp-json\/wp\/v2\/media\/366823"}],"wp:attachment":[{"href":"https:\/\/www.radioluna.it\/news\/wp-json\/wp\/v2\/media?parent=366822"}],"wp:term":[{"taxonomy":"category","embeddable":true,"href":"https:\/\/www.radioluna.it\/news\/wp-json\/wp\/v2\/categories?post=366822"},{"taxonomy":"post_tag","embeddable":true,"href":"https:\/\/www.radioluna.it\/news\/wp-json\/wp\/v2\/tags?post=366822"}],"curies":[{"name":"wp","href":"https:\/\/api.w.org\/{rel}","templated":true}]}}