{"id":366831,"date":"2024-12-30T14:10:38","date_gmt":"2024-12-30T13:10:38","guid":{"rendered":"https:\/\/www.radioluna.it\/news\/?p=366831"},"modified":"2024-12-31T08:19:52","modified_gmt":"2024-12-31T07:19:52","slug":"tradizioni-cultura-e-spirito-comunitario-celentano-premia-quattro-cittadini-di-latina","status":"publish","type":"post","link":"https:\/\/www.radioluna.it\/news\/2024\/12\/tradizioni-cultura-e-spirito-comunitario-celentano-premia-quattro-cittadini-di-latina\/","title":{"rendered":"Tradizioni, cultura e spirito comunitario: Celentano premia quattro cittadini di Latina"},"content":{"rendered":"<div id=\"fb-root\"><\/div>\n<p style=\"text-align: justify;\"><strong>LATINA<\/strong> &#8211; Il sindaco di Latina, Matilde Celentano, questa mattina ha voluto consegnare una targa a quattro cittadini di Latina. La cerimonia si \u00e8 svolta nell\u2019aula De Pasquale del Comune di Latina ed hanno partecipato anche i familiari dei premiati. Il riconoscimento \u00e8 andato a Patrizia Cormio, titolare dell\u2019edicola Cormio situata in via Emanuele Filiberto dal lontano 1949; a \u00a0Paola e Fiorella Silvestri, nipoti del fondatore del ristorante Impero che ha aperto i battenti il 17 dicembre 1934, il giorno prima dell\u2019istituzione della provincia di Littoria, e ad Antonio Damiano, illustre poeta che ha portato in alto il nome di Latina.<\/p>\n<p style=\"text-align: justify;\">\u201cIl riconoscimento che oggi ho avuto l\u2019onore di consegnare a Patrizia Cormio, Paola e Fiorella Silvestri, e Antonio Damiano non \u00e8 solo un omaggio alla loro straordinaria dedizione e passione, ma \u00e8 anche un tributo a tutte le persone che, con il loro impegno, hanno contribuito a rendere Latina una citt\u00e0 di tradizioni forti, di cultura e di spirito comunitario \u2013 ha dichiarato il sindaco Matilde Celentano -. Patrizia, con la sua perseveranza nell\u2019assicurare la continuit\u00e0 di un\u2019attivit\u00e0 che ha segnato la vita di tanti cittadini, rappresenta la resistenza di un passato che, nonostante le sfide del presente, rimane ancora vivo e vibrante. L\u2019Edicola Cormio, che dal 1949 \u00e8 un punto di riferimento per tutti, continua a testimoniare il valore della famiglia e del legame con il territorio. Il suo impegno \u00e8 essenziale non solo per i suoi clienti, ma per l\u2019intera comunit\u00e0.<\/p>\n<p style=\"text-align: justify;\">Paola e Fiorella, continuando la tradizione del Ristorante Impero di piazza della Libert\u00e0, non solo hanno preservato un\u2019istituzione della nostra citt\u00e0, ma hanno anche interpretato con maestria l\u2019evoluzione della ristorazione pontina, mantenendo vivi i sapori e l\u2019accoglienza che hanno reso questo locale un simbolo. La loro capacit\u00e0 di restare fedeli alla tradizione pur innovando, \u00e8 una lezione di resilienza e passione che va ben oltre il semplice gesto di servire un piatto: \u00e8 il servizio alla nostra storia e cultura.<\/p>\n<p style=\"text-align: justify;\">Antonio Damiano, con la sua poesia, ha portato Latina in alto, dando voce ai sentimenti pi\u00f9 profondi e trasmettendo a tutti noi la bellezza di questa terra attraverso le sue parole. Il suo lavoro \u00e8 un faro che ci guida verso una comprensione pi\u00f9 profonda di noi stessi e della nostra citt\u00e0. Il suo impegno nella cultura \u00e8 fondamentale e merita di essere celebrato e condiviso, soprattutto con le giovani generazioni. Come sindaco, \u00e8 mio dovere promuovere la cultura e la lettura delle sue opere, affinch\u00e9 il suo esempio possa continuare a ispirare i ragazzi e le ragazze di Latina, e li spinga a diventare protagonisti del cambiamento e della crescita della nostra comunit\u00e0.<\/p>\n<p style=\"text-align: justify;\">La targa donata ai tre concittadini oggi \u2013 ha concluso la prima cittadina &#8211; \u00e8 un omaggio per aver mantenuto vive le tradizioni che ci definiscono, per aver arricchito il nostro patrimonio culturale, e per essere modelli di perseveranza, passione e amore per la nostra citt\u00e0\u201d.<\/p>\n","protected":false},"excerpt":{"rendered":"<p>LATINA &#8211; Il sindaco di Latina, Matilde Celentano, questa mattina ha voluto consegnare una targa a quattro cittadini di Latina. La cerimonia si \u00e8 svolta nell\u2019aula De Pasquale del Comune di Latina ed hanno partecipato anche i familiari dei premiati. Il riconoscimento \u00e8 andato a Patrizia Cormio, titolare dell\u2019edicola Cormio situata in via Emanuele Filiberto [&hellip;]<\/p>\n","protected":false},"author":60,"featured_media":366832,"comment_status":"open","ping_status":"open","sticky":false,"template":"","format":"standard","meta":{"footnotes":""},"categories":[16],"tags":[],"class_list":["post-366831","post","type-post","status-publish","format-standard","has-post-thumbnail","hentry","category-appuntamenti"],"_links":{"self":[{"href":"https:\/\/www.radioluna.it\/news\/wp-json\/wp\/v2\/posts\/366831","targetHints":{"allow":["GET"]}}],"collection":[{"href":"https:\/\/www.radioluna.it\/news\/wp-json\/wp\/v2\/posts"}],"about":[{"href":"https:\/\/www.radioluna.it\/news\/wp-json\/wp\/v2\/types\/post"}],"author":[{"embeddable":true,"href":"https:\/\/www.radioluna.it\/news\/wp-json\/wp\/v2\/users\/60"}],"replies":[{"embeddable":true,"href":"https:\/\/www.radioluna.it\/news\/wp-json\/wp\/v2\/comments?post=366831"}],"version-history":[{"count":2,"href":"https:\/\/www.radioluna.it\/news\/wp-json\/wp\/v2\/posts\/366831\/revisions"}],"predecessor-version":[{"id":366836,"href":"https:\/\/www.radioluna.it\/news\/wp-json\/wp\/v2\/posts\/366831\/revisions\/366836"}],"wp:featuredmedia":[{"embeddable":true,"href":"https:\/\/www.radioluna.it\/news\/wp-json\/wp\/v2\/media\/366832"}],"wp:attachment":[{"href":"https:\/\/www.radioluna.it\/news\/wp-json\/wp\/v2\/media?parent=366831"}],"wp:term":[{"taxonomy":"category","embeddable":true,"href":"https:\/\/www.radioluna.it\/news\/wp-json\/wp\/v2\/categories?post=366831"},{"taxonomy":"post_tag","embeddable":true,"href":"https:\/\/www.radioluna.it\/news\/wp-json\/wp\/v2\/tags?post=366831"}],"curies":[{"name":"wp","href":"https:\/\/api.w.org\/{rel}","templated":true}]}}