{"id":366937,"date":"2025-01-04T09:09:04","date_gmt":"2025-01-04T08:09:04","guid":{"rendered":"https:\/\/www.radioluna.it\/news\/?p=366937"},"modified":"2025-01-06T10:20:44","modified_gmt":"2025-01-06T09:20:44","slug":"latina-al-dannunzio-arriva-cammela-e-il-gruppo-delle-mamme","status":"publish","type":"post","link":"https:\/\/www.radioluna.it\/news\/2025\/01\/latina-al-dannunzio-arriva-cammela-e-il-gruppo-delle-mamme\/","title":{"rendered":"Latina, al D&#8217;Annunzio arriva &#8220;Cammela e il gruppo delle mamme&#8221;"},"content":{"rendered":"<div id=\"fb-root\"><\/div>\n<p style=\"text-align: justify;\"><strong>LATINA<\/strong> &#8211;\u00a0 Chiara Anicito in \u201cCammela e il Gruppo delle Mamme\u201d sar\u00e0 in scena\u00a0 domenica 5 gennaio alle 18,00, al Teatro D\u2019Annunzio di Latina, nell\u2019ambito della stagione teatrale promossa dal Comune di Latina e ATCL Circuito multidisciplinare del Lazio, sostenuta dal MIC Ministero della Cultura e dalla Regione Lazio, in collaborazione con Berti Live e Ventidieci.<\/p>\n<p style=\"text-align: justify;\">La mamma siciliana pi\u00f9 famosa sui social porta in scena lo spettacolo comico la cui protagonista Chiara Anicito in arte Carmela (letto in siciliano con doppia emme), moglie di Placido, madre di Santino e Agatuccia, d\u00e0 vita ad un divertentissimo personaggio di madre siciliana. Cos\u00ec divertente e amata che il passo da Internet ai palcoscenici di tutta Italia \u00e8 stato breve: attesissimo il debutto di \u201cCammela e il gruppo delle mamme\u201d, primissima incursione di Chiara Anicito nel mondo degli spettacoli teatrali.\u00a0 Monologhi, musica e parodie, per un ritratto della simpatica \u201csicilianit\u00e0 \u201cdi una giovane madre alle prese coni figli, la scuola e i social, l \u2019omonimo \u201cgruppo delle mamme\u201d, la famiglia e la societ\u00e0 contemporanea. A divertire \u00e8 soprattutto la semplicit\u00e0 delle bizzarrie quotidiane, quelle che trasformano momenti ordinari in gag esilaranti: intelligenza e humor sono alla base dei sorrisi che \u201cCammela e il gruppo delle mamme\u201d pu\u00f2 strappare a chiunque.<\/p>\n<p style=\"text-align: justify;\">Chiara Anicito, catanese trapiantata a Milano, classe 1987, \u00e8 una giovane e poliedrica artista: comica, attrice, cantante, doppiatrice, speaker radiofonica e.\u2026mamma pure nella vita reale. Da sempre votata al mondo dello spettacolo e alle arti performative, Chiara Anicito \u00e8 salita alla ribalta grazie alla sua maschera pi\u00f9 famosa: Cammela, ossia Carmela, moglie di Placido e madre di Santino e Agatuccia, esilarante archetipo della mamma siciliana. Ha 183mila follower su Instagram e 828mila follower su TikTok, Chiara Anicito \u00e8 considerata tra i migliori comici emergenti italiani: per questa ragione, \u00e8 stata recentemente insignita del prestigioso Premio Charlot.<\/p>\n<p>&nbsp;<\/p>\n","protected":false},"excerpt":{"rendered":"<p>LATINA &#8211;\u00a0 Chiara Anicito in \u201cCammela e il Gruppo delle Mamme\u201d sar\u00e0 in scena\u00a0 domenica 5 gennaio alle 18,00, al Teatro D\u2019Annunzio di Latina, nell\u2019ambito della stagione teatrale promossa dal Comune di Latina e ATCL Circuito multidisciplinare del Lazio, sostenuta dal MIC Ministero della Cultura e dalla Regione Lazio, in collaborazione con Berti Live e [&hellip;]<\/p>\n","protected":false},"author":62,"featured_media":366938,"comment_status":"open","ping_status":"open","sticky":false,"template":"","format":"standard","meta":{"footnotes":""},"categories":[16],"tags":[],"class_list":["post-366937","post","type-post","status-publish","format-standard","has-post-thumbnail","hentry","category-appuntamenti"],"_links":{"self":[{"href":"https:\/\/www.radioluna.it\/news\/wp-json\/wp\/v2\/posts\/366937","targetHints":{"allow":["GET"]}}],"collection":[{"href":"https:\/\/www.radioluna.it\/news\/wp-json\/wp\/v2\/posts"}],"about":[{"href":"https:\/\/www.radioluna.it\/news\/wp-json\/wp\/v2\/types\/post"}],"author":[{"embeddable":true,"href":"https:\/\/www.radioluna.it\/news\/wp-json\/wp\/v2\/users\/62"}],"replies":[{"embeddable":true,"href":"https:\/\/www.radioluna.it\/news\/wp-json\/wp\/v2\/comments?post=366937"}],"version-history":[{"count":1,"href":"https:\/\/www.radioluna.it\/news\/wp-json\/wp\/v2\/posts\/366937\/revisions"}],"predecessor-version":[{"id":366939,"href":"https:\/\/www.radioluna.it\/news\/wp-json\/wp\/v2\/posts\/366937\/revisions\/366939"}],"wp:featuredmedia":[{"embeddable":true,"href":"https:\/\/www.radioluna.it\/news\/wp-json\/wp\/v2\/media\/366938"}],"wp:attachment":[{"href":"https:\/\/www.radioluna.it\/news\/wp-json\/wp\/v2\/media?parent=366937"}],"wp:term":[{"taxonomy":"category","embeddable":true,"href":"https:\/\/www.radioluna.it\/news\/wp-json\/wp\/v2\/categories?post=366937"},{"taxonomy":"post_tag","embeddable":true,"href":"https:\/\/www.radioluna.it\/news\/wp-json\/wp\/v2\/tags?post=366937"}],"curies":[{"name":"wp","href":"https:\/\/api.w.org\/{rel}","templated":true}]}}