{"id":366949,"date":"2025-01-03T10:03:40","date_gmt":"2025-01-03T09:03:40","guid":{"rendered":"https:\/\/www.radioluna.it\/news\/?p=366949"},"modified":"2025-01-04T13:08:27","modified_gmt":"2025-01-04T12:08:27","slug":"latina-la-befana-arriva-in-volo-dalla-torre-civica","status":"publish","type":"post","link":"https:\/\/www.radioluna.it\/news\/2025\/01\/latina-la-befana-arriva-in-volo-dalla-torre-civica\/","title":{"rendered":"Latina, la Befana arriva in volo dalla Torre Civica"},"content":{"rendered":"<div id=\"fb-root\"><\/div>\n<p style=\"text-align: justify;\"><strong>LATINA &#8211;\u00a0 <\/strong>Conto alla rovescia per la tradizionale discesa dalla torre civica della Befana. Alle 17.30 di domenica prossima 5 gennaio,\u00a0 la \u2018vecchina\u2019 si caler\u00e0 in piazza del Popolo per poi consegnare caramelle e dolciumi ai bambini nel tradizionale appuntamento organizzato da Comune di Latina, Comando dei Vigili del Fuoco di Latina e Associazione Nazionale Vigili del Fuoco.<\/p>\n<p style=\"text-align: justify;\">Oltre alla spettacolare discesa della &#8220;vecchietta&#8221;, la mattinata di domenica, sar\u00e0 dedicata alla &#8220;Pompieropoli&#8221;, una iniziativa ludico-educativa, organizzata dall&#8217;ANVVF &#8211; sezione di Latina (Associazione Nazionale Vigili del Fuoco), rivolta ai bambini che, attraverso percorsi progettati, consentir\u00e0 ai partecipanti di saper affrontare e gestire diverse situazioni di emergenza, promuovendo la cultura della sicurezza. L&#8217;inizio delle attivit\u00e0 di &#8220;Pompieropoli&#8221; \u00e8 previsto alle 9.30 con accesso consentito fino alle 15.00 e chiusura attivit\u00e0 alle 15.30; durante la manifestazione si offriranno esperienze immersive dove i bambini potranno apprendere nozioni di primo soccorso, uso dei mezzi antincendio, e molto altro, il tutto sotto la guida esperta dei Vigili del Fuoco. Al termine dell\u2019esperienza verr\u00e0 rilasciato diploma nominativo ad ogni bambino. &#8220;Pompieropoli&#8221;, infine, significa contribuire attivamente alla diffusione di importanti principi di sicurezza tra i pi\u00f9 giovani, in un contesto divertente e coinvolgente che li prepara a diventare cittadini responsabili e informati.<\/p>\n<p style=\"text-align: justify;\">\u201cGrazie alla rinnovata collaborazione tra Comune di Latina e comando provinciale dei Vigili del Fuoco \u2013 ha affermato il Sindaco Matilde Celentano &#8211; \u00e8 stato possibile, anche quest\u2019anno, organizzare l\u2019evento preferito dai pi\u00f9 piccoli: la Befana \u2018volante\u2019. Gi\u00e0 lo scorso anno, dopo anni di stop a causa dell\u2019emergenza Covid, avevamo accolto le decine di richieste in merito alla riedizione dell\u2019evento, atteso con curiosit\u00e0 e stupore dai bambini. L\u2019appuntamento in programma alle 17.30, al termine dell\u2019intera giornata dedicata a \u2018Pompieropoli\u2019 tramite la quale verranno offerte esperienze immersive ai bambini sotto la guida dei Vigili del Fuoco, chiude il calendario di iniziative natalizie che hanno visto riversarsi nel centro, al teatro D\u2019Annunzio e nei borghi di Latina migliaia di persone. Dallo spettacolo di droni luminosi al videomapping sulla torre comunale e sull\u2019ex Banca d\u2019Italia, dai mercatini alla pista sul ghiaccio, dai concerti in piazza del Popolo agli eventi sportivi nei borghi. \u00c8 stato un Natale per tutti i gusti e alla portata di tutti e non pu\u00f2 che chiudere con un appuntamento a cui tengo particolarmente, l\u2019evento che pi\u00f9 mi sta a cuore, perch\u00e9 riesce a portare un sorriso sui volti dei nostri bambini, e rendere speciale questa tradizione che fa parte della nostra comunit\u00e0. Un\u2019occasione imperdibile \u2013 ha concluso la prima cittadina &#8211; per salutare insieme il periodo delle festivit\u00e0 natalizie e augurarsi un sereno anno nuovo. Invito tutti a partecipare numerosi a questo magico appuntamento con allegria e spirito di comunit\u00e0\u201d.<\/p>\n","protected":false},"excerpt":{"rendered":"<p>LATINA &#8211;\u00a0 Conto alla rovescia per la tradizionale discesa dalla torre civica della Befana. Alle 17.30 di domenica prossima 5 gennaio,\u00a0 la \u2018vecchina\u2019 si caler\u00e0 in piazza del Popolo per poi consegnare caramelle e dolciumi ai bambini nel tradizionale appuntamento organizzato da Comune di Latina, Comando dei Vigili del Fuoco di Latina e Associazione Nazionale [&hellip;]<\/p>\n","protected":false},"author":60,"featured_media":366950,"comment_status":"open","ping_status":"open","sticky":false,"template":"","format":"standard","meta":{"footnotes":""},"categories":[16],"tags":[],"class_list":["post-366949","post","type-post","status-publish","format-standard","has-post-thumbnail","hentry","category-appuntamenti"],"_links":{"self":[{"href":"https:\/\/www.radioluna.it\/news\/wp-json\/wp\/v2\/posts\/366949","targetHints":{"allow":["GET"]}}],"collection":[{"href":"https:\/\/www.radioluna.it\/news\/wp-json\/wp\/v2\/posts"}],"about":[{"href":"https:\/\/www.radioluna.it\/news\/wp-json\/wp\/v2\/types\/post"}],"author":[{"embeddable":true,"href":"https:\/\/www.radioluna.it\/news\/wp-json\/wp\/v2\/users\/60"}],"replies":[{"embeddable":true,"href":"https:\/\/www.radioluna.it\/news\/wp-json\/wp\/v2\/comments?post=366949"}],"version-history":[{"count":4,"href":"https:\/\/www.radioluna.it\/news\/wp-json\/wp\/v2\/posts\/366949\/revisions"}],"predecessor-version":[{"id":367090,"href":"https:\/\/www.radioluna.it\/news\/wp-json\/wp\/v2\/posts\/366949\/revisions\/367090"}],"wp:featuredmedia":[{"embeddable":true,"href":"https:\/\/www.radioluna.it\/news\/wp-json\/wp\/v2\/media\/366950"}],"wp:attachment":[{"href":"https:\/\/www.radioluna.it\/news\/wp-json\/wp\/v2\/media?parent=366949"}],"wp:term":[{"taxonomy":"category","embeddable":true,"href":"https:\/\/www.radioluna.it\/news\/wp-json\/wp\/v2\/categories?post=366949"},{"taxonomy":"post_tag","embeddable":true,"href":"https:\/\/www.radioluna.it\/news\/wp-json\/wp\/v2\/tags?post=366949"}],"curies":[{"name":"wp","href":"https:\/\/api.w.org\/{rel}","templated":true}]}}