{"id":367747,"date":"2025-01-15T08:07:21","date_gmt":"2025-01-15T07:07:21","guid":{"rendered":"https:\/\/www.radioluna.it\/news\/?p=367747"},"modified":"2025-01-21T11:35:34","modified_gmt":"2025-01-21T10:35:34","slug":"un-protocollo-e-un-osservatorio-a-latina-per-prevenire-il-disagio-e-il-suicidio-nei-giovani","status":"publish","type":"post","link":"https:\/\/www.radioluna.it\/news\/2025\/01\/un-protocollo-e-un-osservatorio-a-latina-per-prevenire-il-disagio-e-il-suicidio-nei-giovani\/","title":{"rendered":"Un protocollo e un osservatorio a Latina per prevenire il disagio e il suicidio nei giovani"},"content":{"rendered":"<div id=\"fb-root\"><\/div>\n<p style=\"text-align: justify;\"><strong>LATINA<\/strong> &#8211; Un protocollo d\u2019intesa per la promozione della salute mentale e la prevenzione del suicidio. \u00c8 la proposta del capogruppo del M5S, Maria Grazia Ciolfi, portata oggi all\u2019attenzione della commissione Servizi Sociali, che si \u00e8 riunita per proseguire i lavori sul tema del contrasto al disagio giovanile.<\/p>\n<p style=\"text-align: justify;\">La consigliera \u00e8 stata invitata dal presidente Catani a relazionare sugli esiti del convegno \u201cIl tempo dell\u2019ascolto\u201d, tenuto al circolo cittadino il 9 dicembre scorso e organizzato dai gruppi consiliari del Movimento 5 Stelle di Latina e Cisterna. Ciolfi \u00e8 andata dritta al punto, con una sollecitazione forte, parlando di un impegno necessario per il contrasto al suicidio giovanile e invitando l\u2019amministrazione comunale a farsi promotrice di un protocollo d\u2019intesa, gi\u00e0 operativo in diversi comuni e province, come ad esempio a Pordenone dal 2007, da cui prendere esempio. \u00abUno strumento che coinvolga una platea ampia di attori, dalla Prefettura alle forze dell\u2019ordine, dalla scuola agli enti locali, e che lavori costantemente e sinergicamente per prevenire e contrastare il fenomeno del disagio giovanile\u00bb ha spiegato Ciolfi.<\/p>\n<p style=\"text-align: justify;\">\u00abCome \u00e8 stato fatto a Pordenone, nell\u2019ambito del protocollo \u2013 continua la consigliera entrando nel merito della proposta &#8211; si potrebbe creare un\u2019area Ricerca e Interventi deputata a rilevare i casi di suicidio e tentato suicidio che funga da osservatorio e punto di partenza per conoscere cosa accade sul territorio e mettere in campo azioni di intervento e soprattutto di prevenzione\u00bb.<\/p>\n<p style=\"text-align: justify;\">\u00abIl convegno ha evidenziato, tra le altre cose, che proprio il suicidio \u00e8 la seconda causa di morte tra i giovani. Un dato allarmante, avvalorato purtroppo dalla cronaca degli ultimi giorni che ha scosso la nostra comunit\u00e0\u00bb sottolinea Ciolfi, che aggiunge: \u00abAd oggi abbiamo tanti buoni progetti sul territorio, nelle scuole, promossi dalla ASL, dal comune, dalla provincia e da molte associazioni, ma sono tutti scollegati tra loro. \u00c8 essenziale fare rete se vogliamo dare continuit\u00e0 a questi singoli progetti e non far s\u00ec che restino delle monadi, isolati e inefficaci. In tal senso il protocollo d\u2019intesa pu\u00f2 essere il giusto punto di partenza\u00bb.<\/p>\n<p>\u00ab\u00c8 necessario prendere piena consapevolezza del problema, \u2013 commenta ancora Ciolfi \u2013 tanto nelle famiglie quanto a livello istituzionale. Continuare a minimizzare per la &#8220;vergogna&#8221; di ammettere che esiste un disagio non consente di affrontarlo con il supporto necessario e soprattutto di cogliere i segnali senza i quali c\u2019\u00e8 il rischio di arrivare troppo tardi. Prevenzione \u00e8 la parola chiave, insieme all\u2019ascolto dei nostri giovani e al coinvolgimento di famiglie e scuola. E\u2019 necessario il supporto alle famiglie, alle giovani coppie, il potenziamento dei gruppi di ascolto nelle scuole e che la scuola stessa diventi il cuore di un progetto educativo e non la mera sede di attuazione dei singoli progetti\u00bb.<\/p>\n<p>&nbsp;<\/p>\n<p>\u00abRingrazio il presidente Catani e l\u2019assessore Nasso \u2013 conclude &#8211; per aver raccolto l\u2019input arrivato da me e dal collega di Cisterna Elio Sarracino, le associazioni tutte ed in particolare la presidente dell\u2019associazione \u201cIo sono Enea\u201d, Lisa Perillo, per il contributo toccante da cui ho tratto la forza per portare avanti questa battaglia\u00bb.<\/p>\n","protected":false},"excerpt":{"rendered":"<p>LATINA &#8211; Un protocollo d\u2019intesa per la promozione della salute mentale e la prevenzione del suicidio. \u00c8 la proposta del capogruppo del M5S, Maria Grazia Ciolfi, portata oggi all\u2019attenzione della commissione Servizi Sociali, che si \u00e8 riunita per proseguire i lavori sul tema del contrasto al disagio giovanile. La consigliera \u00e8 stata invitata dal presidente [&hellip;]<\/p>\n","protected":false},"author":60,"featured_media":367748,"comment_status":"open","ping_status":"open","sticky":false,"template":"","format":"standard","meta":{"footnotes":""},"categories":[7],"tags":[],"class_list":["post-367747","post","type-post","status-publish","format-standard","has-post-thumbnail","hentry","category-cronaca"],"_links":{"self":[{"href":"https:\/\/www.radioluna.it\/news\/wp-json\/wp\/v2\/posts\/367747","targetHints":{"allow":["GET"]}}],"collection":[{"href":"https:\/\/www.radioluna.it\/news\/wp-json\/wp\/v2\/posts"}],"about":[{"href":"https:\/\/www.radioluna.it\/news\/wp-json\/wp\/v2\/types\/post"}],"author":[{"embeddable":true,"href":"https:\/\/www.radioluna.it\/news\/wp-json\/wp\/v2\/users\/60"}],"replies":[{"embeddable":true,"href":"https:\/\/www.radioluna.it\/news\/wp-json\/wp\/v2\/comments?post=367747"}],"version-history":[{"count":1,"href":"https:\/\/www.radioluna.it\/news\/wp-json\/wp\/v2\/posts\/367747\/revisions"}],"predecessor-version":[{"id":367749,"href":"https:\/\/www.radioluna.it\/news\/wp-json\/wp\/v2\/posts\/367747\/revisions\/367749"}],"wp:featuredmedia":[{"embeddable":true,"href":"https:\/\/www.radioluna.it\/news\/wp-json\/wp\/v2\/media\/367748"}],"wp:attachment":[{"href":"https:\/\/www.radioluna.it\/news\/wp-json\/wp\/v2\/media?parent=367747"}],"wp:term":[{"taxonomy":"category","embeddable":true,"href":"https:\/\/www.radioluna.it\/news\/wp-json\/wp\/v2\/categories?post=367747"},{"taxonomy":"post_tag","embeddable":true,"href":"https:\/\/www.radioluna.it\/news\/wp-json\/wp\/v2\/tags?post=367747"}],"curies":[{"name":"wp","href":"https:\/\/api.w.org\/{rel}","templated":true}]}}