{"id":367952,"date":"2025-01-18T16:28:42","date_gmt":"2025-01-18T15:28:42","guid":{"rendered":"https:\/\/www.radioluna.it\/news\/?p=367952"},"modified":"2025-01-21T11:39:58","modified_gmt":"2025-01-21T10:39:58","slug":"latina-riapre-la-piscina-open-oggi-il-taglio-del-nastro","status":"publish","type":"post","link":"https:\/\/www.radioluna.it\/news\/2025\/01\/latina-riapre-la-piscina-open-oggi-il-taglio-del-nastro\/","title":{"rendered":"Latina, riaperta la piscina comunale Open: ora \u00e8 protetta da un pallone"},"content":{"rendered":"<div id=\"fb-root\"><\/div>\n<p style=\"text-align: justify;\"><strong><img loading=\"lazy\" decoding=\"async\" class=\"alignnone size-full wp-image-368065\" src=\"https:\/\/www.radioluna.it\/news\/wp-content\/uploads\/2025\/01\/piscina-open-tensostruttura-latina.jpg\" alt=\"\" width=\"1920\" height=\"1440\" srcset=\"https:\/\/www.radioluna.it\/news\/wp-content\/uploads\/2025\/01\/piscina-open-tensostruttura-latina.jpg 1920w, https:\/\/www.radioluna.it\/news\/wp-content\/uploads\/2025\/01\/piscina-open-tensostruttura-latina-768x576.jpg 768w, https:\/\/www.radioluna.it\/news\/wp-content\/uploads\/2025\/01\/piscina-open-tensostruttura-latina-1536x1152.jpg 1536w\" sizes=\"auto, (max-width: 1920px) 100vw, 1920px\" \/>LATINA<\/strong> &#8211; \u201cPromessa mantenuta\u201d. E\u2019 una Sindaca soddisfatta Matilde Celentano che questa mattina ha inaugurato la piscina comunale scoperta di Latina, dotata di copertura pressostatica removibile e nuovi spogliatoi per garantire continuit\u00e0 di attivit\u00e0 per tutto l&#8217;anno. Presente \u00a0l&#8217;assessore comunale allo Sport Andrea Chiarato, l&#8217;assessore regionale allo Sport Elena Palazzo e gran parte dell&#8217;amministrazione. Presente anche il \u00a0presidente del CR Lazio della Federnuoto Giampiero Mauretti, che ha portato i saluti del presidente della Federnuoto Paolo Barelli, impossibilitato a raggiungere Latina per impegni di governo. Verso la riapertura anche l&#8217;impianto coperto da 25 metri del complesso di via dei Mille i cui lavori di ristrutturazione dovrebbero terminare nel 2026. Con il taglio del nastro dell&#8217;impianto open, la citt\u00e0 di Latina da oggi potr\u00e0 torna ad avere a disposizione di cittadini e societ\u00e0 sportive una struttura funzionante ed operativa per garantire l&#8217;accesso alla pratica motoria e alle discipline acquatiche.<\/p>\n<p>La Sindaca Matilde Celentano<\/p>\n<audio class=\"wp-audio-shortcode\" id=\"audio-367952-1\" preload=\"none\" style=\"width: 100%;\" controls=\"controls\"><source type=\"audio\/mpeg\" src=\"https:\/\/www.radioluna.it\/news\/wp-content\/uploads\/2025\/01\/sindaco_piscina.mp3?_=1\" \/><a href=\"https:\/\/www.radioluna.it\/news\/wp-content\/uploads\/2025\/01\/sindaco_piscina.mp3\">https:\/\/www.radioluna.it\/news\/wp-content\/uploads\/2025\/01\/sindaco_piscina.mp3<\/a><\/audio>\n<p>L&#8217;assessore allo Sport del Comune Andrea Chiarato<\/p>\n<audio class=\"wp-audio-shortcode\" id=\"audio-367952-2\" preload=\"none\" style=\"width: 100%;\" controls=\"controls\"><source type=\"audio\/mpeg\" src=\"https:\/\/www.radioluna.it\/news\/wp-content\/uploads\/2025\/01\/andrea_chiarato-piscina.mp3?_=2\" \/><a href=\"https:\/\/www.radioluna.it\/news\/wp-content\/uploads\/2025\/01\/andrea_chiarato-piscina.mp3\">https:\/\/www.radioluna.it\/news\/wp-content\/uploads\/2025\/01\/andrea_chiarato-piscina.mp3<\/a><\/audio>\n","protected":false},"excerpt":{"rendered":"<p>LATINA &#8211; \u201cPromessa mantenuta\u201d. E\u2019 una Sindaca soddisfatta Matilde Celentano che questa mattina ha inaugurato la piscina comunale scoperta di Latina, dotata di copertura pressostatica removibile e nuovi spogliatoi per garantire continuit\u00e0 di attivit\u00e0 per tutto l&#8217;anno. Presente \u00a0l&#8217;assessore comunale allo Sport Andrea Chiarato, l&#8217;assessore regionale allo Sport Elena Palazzo e gran parte dell&#8217;amministrazione. Presente [&hellip;]<\/p>\n","protected":false},"author":5444,"featured_media":367953,"comment_status":"open","ping_status":"open","sticky":false,"template":"","format":"standard","meta":{"footnotes":""},"categories":[735,2310,7,2428],"tags":[],"class_list":["post-367952","post","type-post","status-publish","format-standard","has-post-thumbnail","hentry","category-attualita","category-audio","category-cronaca","category-primo-piano"],"_links":{"self":[{"href":"https:\/\/www.radioluna.it\/news\/wp-json\/wp\/v2\/posts\/367952","targetHints":{"allow":["GET"]}}],"collection":[{"href":"https:\/\/www.radioluna.it\/news\/wp-json\/wp\/v2\/posts"}],"about":[{"href":"https:\/\/www.radioluna.it\/news\/wp-json\/wp\/v2\/types\/post"}],"author":[{"embeddable":true,"href":"https:\/\/www.radioluna.it\/news\/wp-json\/wp\/v2\/users\/5444"}],"replies":[{"embeddable":true,"href":"https:\/\/www.radioluna.it\/news\/wp-json\/wp\/v2\/comments?post=367952"}],"version-history":[{"count":4,"href":"https:\/\/www.radioluna.it\/news\/wp-json\/wp\/v2\/posts\/367952\/revisions"}],"predecessor-version":[{"id":368066,"href":"https:\/\/www.radioluna.it\/news\/wp-json\/wp\/v2\/posts\/367952\/revisions\/368066"}],"wp:featuredmedia":[{"embeddable":true,"href":"https:\/\/www.radioluna.it\/news\/wp-json\/wp\/v2\/media\/367953"}],"wp:attachment":[{"href":"https:\/\/www.radioluna.it\/news\/wp-json\/wp\/v2\/media?parent=367952"}],"wp:term":[{"taxonomy":"category","embeddable":true,"href":"https:\/\/www.radioluna.it\/news\/wp-json\/wp\/v2\/categories?post=367952"},{"taxonomy":"post_tag","embeddable":true,"href":"https:\/\/www.radioluna.it\/news\/wp-json\/wp\/v2\/tags?post=367952"}],"curies":[{"name":"wp","href":"https:\/\/api.w.org\/{rel}","templated":true}]}}