{"id":368016,"date":"2025-01-20T08:55:24","date_gmt":"2025-01-20T07:55:24","guid":{"rendered":"https:\/\/www.radioluna.it\/news\/?p=368016"},"modified":"2025-01-21T08:21:08","modified_gmt":"2025-01-21T07:21:08","slug":"terracina-rinvenute-lastre-di-eternit-al-km-97800-della-ss-appia","status":"publish","type":"post","link":"https:\/\/www.radioluna.it\/news\/2025\/01\/terracina-rinvenute-lastre-di-eternit-al-km-97800-della-ss-appia\/","title":{"rendered":"Terracina, rinvenute lastre di eternit al km 97,800 della SS Appia"},"content":{"rendered":"<div id=\"fb-root\"><\/div>\n<p>A Terracina il personale volontario delle Guardie Eco Ambientali, durante un servizio di perlustrazione e di controllo del territorio, ha rinvenuto in SS Appia al km 97,800 una grossa quantit\u00e0 di lastre usate per le tettoie in eternit (cemento e amianto). Considerata l\u2019alta pericolosit\u00e0 del ritrovamento \u00e8 stata inviata una segnalazione alle autorit\u00e0 competenti corredata da documentazione fotografica, chiedendo un urgente sopralluogo nella zona con relativa rimozione delle lastre. L\u2019abbandono di questi materiali, infatti, crea danni importanti alla salute pubblica e all\u2019ambiente, con conseguente rischio di esposizione per tutti.<\/p>\n","protected":false},"excerpt":{"rendered":"<p>A Terracina il personale volontario delle Guardie Eco Ambientali, durante un servizio di perlustrazione e di controllo del territorio, ha rinvenuto in SS Appia al km 97,800 una grossa quantit\u00e0 di lastre usate per le tettoie in eternit (cemento e amianto). Considerata l\u2019alta pericolosit\u00e0 del ritrovamento \u00e8 stata inviata una segnalazione alle autorit\u00e0 competenti corredata [&hellip;]<\/p>\n","protected":false},"author":5443,"featured_media":368017,"comment_status":"open","ping_status":"open","sticky":false,"template":"","format":"standard","meta":{"footnotes":""},"categories":[7,2428],"tags":[],"class_list":["post-368016","post","type-post","status-publish","format-standard","has-post-thumbnail","hentry","category-cronaca","category-primo-piano"],"_links":{"self":[{"href":"https:\/\/www.radioluna.it\/news\/wp-json\/wp\/v2\/posts\/368016","targetHints":{"allow":["GET"]}}],"collection":[{"href":"https:\/\/www.radioluna.it\/news\/wp-json\/wp\/v2\/posts"}],"about":[{"href":"https:\/\/www.radioluna.it\/news\/wp-json\/wp\/v2\/types\/post"}],"author":[{"embeddable":true,"href":"https:\/\/www.radioluna.it\/news\/wp-json\/wp\/v2\/users\/5443"}],"replies":[{"embeddable":true,"href":"https:\/\/www.radioluna.it\/news\/wp-json\/wp\/v2\/comments?post=368016"}],"version-history":[{"count":1,"href":"https:\/\/www.radioluna.it\/news\/wp-json\/wp\/v2\/posts\/368016\/revisions"}],"predecessor-version":[{"id":368018,"href":"https:\/\/www.radioluna.it\/news\/wp-json\/wp\/v2\/posts\/368016\/revisions\/368018"}],"wp:featuredmedia":[{"embeddable":true,"href":"https:\/\/www.radioluna.it\/news\/wp-json\/wp\/v2\/media\/368017"}],"wp:attachment":[{"href":"https:\/\/www.radioluna.it\/news\/wp-json\/wp\/v2\/media?parent=368016"}],"wp:term":[{"taxonomy":"category","embeddable":true,"href":"https:\/\/www.radioluna.it\/news\/wp-json\/wp\/v2\/categories?post=368016"},{"taxonomy":"post_tag","embeddable":true,"href":"https:\/\/www.radioluna.it\/news\/wp-json\/wp\/v2\/tags?post=368016"}],"curies":[{"name":"wp","href":"https:\/\/api.w.org\/{rel}","templated":true}]}}