{"id":368019,"date":"2025-01-20T09:52:02","date_gmt":"2025-01-20T08:52:02","guid":{"rendered":"https:\/\/www.radioluna.it\/news\/?p=368019"},"modified":"2025-01-21T11:32:14","modified_gmt":"2025-01-21T10:32:14","slug":"iniziati-i-lavori-di-puntellamento-sotto-il-blocco-spogliatoio-del-palabianchini","status":"publish","type":"post","link":"https:\/\/www.radioluna.it\/news\/2025\/01\/iniziati-i-lavori-di-puntellamento-sotto-il-blocco-spogliatoio-del-palabianchini\/","title":{"rendered":"Iniziati i lavori di puntellamento sotto il blocco spogliatoio del Palabianchini"},"content":{"rendered":"<div id=\"fb-root\"><\/div>\n<p style=\"text-align: justify;\">Sono iniziati oggi al Palazzetto dello Sport i lavori di puntellamento sotto il blocco spogliatoio della struttura. Questa mattina, l\u2019assessore allo Sport Andrea Chiarato e l\u2019architetto Micol Ayuso, dirigente del dipartimento Manutenzioni del Comune di Latina, si sono recati in via dei Mille per un sopralluogo preliminare all\u2019apertura del cantiere.<\/p>\n<p style=\"text-align: justify;\">\u201cCome anticipato sabato mattina, in occasione dell\u2019inaugurazione della piscina open, questa mattina \u00e8 stato dato il via ai lavori nell\u2019ambito degli interventi di rigenerazione del PalaBianchini. E questa \u00e8 un\u2019altra promessa mantenuta dall\u2019amministrazione comunale &#8211; ha affermato il sindaco Matilde Celentano \u2013 Stiamo operando con rapidit\u00e0 affinch\u00e9 si possa restituire alla comunit\u00e0 di Latina anche l\u2019impianto natatorio interno al palazzetto. I lavori sono stati affidati il mese scorso, ed oggi la ditta incaricata ha iniziato ad operare, come da cronoprogramma\u201d.<\/p>\n<p style=\"text-align: justify;\">\u201cCome \u00e8 noto \u2013 ha ricordato l\u2019assessore Chiarato \u2013 l\u2019impianto sportivo \u00e8 stato chiuso a novembre 2023, per rilevanti criticit\u00e0 strutturali nel piano interrato sotto il blocco spogliatoio della struttura, oggetto di due finanziamenti del Pnrr, uno specifico per la piscina coperta e l\u2019altro per la rigenerazione complessiva del palazzetto. Gli interventi di puntellamento avviati oggi sono prioritari ai fini del completamento delle opere di rigenerazione programmate, come stabilito dai tecnici. Restituiremo presto alla collettivit\u00e0 una struttura confortevole e a norma\u201d.<\/p>\n<p>&nbsp;<\/p>\n","protected":false},"excerpt":{"rendered":"<p>Sono iniziati oggi al Palazzetto dello Sport i lavori di puntellamento sotto il blocco spogliatoio della struttura. Questa mattina, l\u2019assessore allo Sport Andrea Chiarato e l\u2019architetto Micol Ayuso, dirigente del dipartimento Manutenzioni del Comune di Latina, si sono recati in via dei Mille per un sopralluogo preliminare all\u2019apertura del cantiere. \u201cCome anticipato sabato mattina, in [&hellip;]<\/p>\n","protected":false},"author":5443,"featured_media":368020,"comment_status":"open","ping_status":"open","sticky":false,"template":"","format":"standard","meta":{"footnotes":""},"categories":[735,7],"tags":[],"class_list":["post-368019","post","type-post","status-publish","format-standard","has-post-thumbnail","hentry","category-attualita","category-cronaca"],"_links":{"self":[{"href":"https:\/\/www.radioluna.it\/news\/wp-json\/wp\/v2\/posts\/368019","targetHints":{"allow":["GET"]}}],"collection":[{"href":"https:\/\/www.radioluna.it\/news\/wp-json\/wp\/v2\/posts"}],"about":[{"href":"https:\/\/www.radioluna.it\/news\/wp-json\/wp\/v2\/types\/post"}],"author":[{"embeddable":true,"href":"https:\/\/www.radioluna.it\/news\/wp-json\/wp\/v2\/users\/5443"}],"replies":[{"embeddable":true,"href":"https:\/\/www.radioluna.it\/news\/wp-json\/wp\/v2\/comments?post=368019"}],"version-history":[{"count":2,"href":"https:\/\/www.radioluna.it\/news\/wp-json\/wp\/v2\/posts\/368019\/revisions"}],"predecessor-version":[{"id":368022,"href":"https:\/\/www.radioluna.it\/news\/wp-json\/wp\/v2\/posts\/368019\/revisions\/368022"}],"wp:featuredmedia":[{"embeddable":true,"href":"https:\/\/www.radioluna.it\/news\/wp-json\/wp\/v2\/media\/368020"}],"wp:attachment":[{"href":"https:\/\/www.radioluna.it\/news\/wp-json\/wp\/v2\/media?parent=368019"}],"wp:term":[{"taxonomy":"category","embeddable":true,"href":"https:\/\/www.radioluna.it\/news\/wp-json\/wp\/v2\/categories?post=368019"},{"taxonomy":"post_tag","embeddable":true,"href":"https:\/\/www.radioluna.it\/news\/wp-json\/wp\/v2\/tags?post=368019"}],"curies":[{"name":"wp","href":"https:\/\/api.w.org\/{rel}","templated":true}]}}