{"id":368242,"date":"2025-01-24T08:39:31","date_gmt":"2025-01-24T07:39:31","guid":{"rendered":"https:\/\/www.radioluna.it\/news\/?p=368242"},"modified":"2025-01-25T12:11:45","modified_gmt":"2025-01-25T11:11:45","slug":"piscina-open-sotto-la-lente-della-commissione-trasparenza","status":"publish","type":"post","link":"https:\/\/www.radioluna.it\/news\/2025\/01\/piscina-open-sotto-la-lente-della-commissione-trasparenza\/","title":{"rendered":"Piscina open sotto la lente della commissione Trasparenza"},"content":{"rendered":"<div id=\"fb-root\"><\/div>\n<p style=\"text-align: justify;\"><strong>LATINA<\/strong> &#8211; Le criticit\u00e0 che riguardano l\u2019utilizzo della piscina open, emerse a pochi giorni dall\u2019approvazione degli atti per la gestione dell\u2019impianto natatorio, sono stati al centro della commissione Trasparenza convocata dalla presidente Floriana Coletta.<\/p>\n<p>I consiglieri di minoranza hanno chiesto tempi rigorosi e celeri per consentire la fruizione a tutti degli spazi e un planning pi\u00f9 completo e puntuale delle attivit\u00e0 in programma. \u00abNel calendario approvato, gi\u00e0 restrittivo, ci sono poche disponibilit\u00e0 orarie in fascia pomeridiana e spazi vuoti gi\u00e0 segnalati e su cui continuiamo a chiedere chiarimenti. Idem per il criterio meritocratico: vale anche per le societ\u00e0 sportive del gestore?\u00bb. Tutti aspetti che saranno affrontati tra due settimane in una nuova seduta della Trasparenza sul tema.<\/p>\n<p style=\"text-align: justify;\">La commissione cade dopo la diffida dei gruppi di Lbc, M5S, Pd e Per Latina 2032 per una verifica urgente da parte dell\u2019amministrazione sull\u2019utilizzo illecito della vasca nelle giornate del 2 e 3 gennaio, cos\u00ec come segnalato da alcuni cittadini. Sul punto le opposizioni hanno ringraziato l\u2019ufficio Patrimonio &#8220;che si \u00e8 subito adoperato sollecitando il direttore dei lavori al rispetto dell\u2019interdizione della struttura, che in quei giorni era ancora area di cantiere. Come riferito durante la seduta, siamo in attesa di riscontro da parte del concessionario, diffidato a sua volta dal direttore dei lavori a non usare gli spazi acqua. Nelle more della nomina del direttore di esecuzione del contratto, per cui \u00e8 stato avviato un secondo interpello interno, sar\u00e0 la dirigente Pacifico a vigilare sul rispetto degli obblighi contrattuali&#8221;.<\/p>\n<p style=\"text-align: justify;\">\u00a0Diverse le questioni poste dai consiglieri della minoranza all\u2019attenzione della commissione.<\/p>\n<p style=\"text-align: justify;\">Funzione pubblica &#8211; \u00abL\u2019obiettivo prioritario e comune cui tendere \u2013 ribadiscono \u2013 \u00e8 il perseguimento dell\u2019interesse pubblico: garantire l\u2019utilizzo equo dell\u2019impianto e la finalit\u00e0 sociale e di promozione sportiva, cos\u00ec come previsto nel contratto di concessione. In tal senso l\u2019addendum approvato dalla maggioranza \u00e8 carente perch\u00e9 non prevede agevolazioni per le fasce deboli n\u00e9 spazi acqua per persone con disabilit\u00e0\u00bb.<\/p>\n<p style=\"text-align: justify;\">Concessione spazi acqua\u00a0 &#8211; \u00abDa settimane le societ\u00e0 sportive hanno presentato richiesta per la fruizione della piscina, ma ancora non hanno riscontro dal concessionario. Ci\u00f2 si traduce in un danno economico e sportivo per le societ\u00e0, tra l\u2019altro discriminate visto che la societ\u00e0 del gestore sta gi\u00e0 usando gli spazi per gli allenamenti. Per non dire del disagio causato a centinaia di ragazzi e famiglie, nonch\u00e9 a tanti atleti che ancora stanno aspettando di tornare ad allenarsi in citt\u00e0\u00bb.<\/p>\n<p style=\"text-align: justify;\">Fasce fragili &#8211; Nessun bonus per le fasce deboli n\u00e9 spazi acqua e fasce orarie dedicati per le persone con disabilit\u00e0. \u00abDall\u2019ingresso gratuito e spazi acqua dedicati, col nuovo PEF \u2013 spiega l\u2019opposizione &#8211; si \u00e8 passati al pagamento di 5 euro per ogni ragazzo disabile, senza orari riservati alle relative associazioni. I commissari della maggioranza, che nel corso della seduta si sono detti d\u2019accordo sulla necessit\u00e0 di andare incontro a queste fasce di popolazione, si sono forse dimenticati che l\u2019hanno approvato loro quel PEF?\u00bb.<\/p>\n<p style=\"text-align: justify;\">\n","protected":false},"excerpt":{"rendered":"<p>LATINA &#8211; Le criticit\u00e0 che riguardano l\u2019utilizzo della piscina open, emerse a pochi giorni dall\u2019approvazione degli atti per la gestione dell\u2019impianto natatorio, sono stati al centro della commissione Trasparenza convocata dalla presidente Floriana Coletta. I consiglieri di minoranza hanno chiesto tempi rigorosi e celeri per consentire la fruizione a tutti degli spazi e un planning [&hellip;]<\/p>\n","protected":false},"author":60,"featured_media":368065,"comment_status":"open","ping_status":"open","sticky":false,"template":"","format":"standard","meta":{"footnotes":""},"categories":[8],"tags":[],"class_list":["post-368242","post","type-post","status-publish","format-standard","has-post-thumbnail","hentry","category-politica"],"_links":{"self":[{"href":"https:\/\/www.radioluna.it\/news\/wp-json\/wp\/v2\/posts\/368242","targetHints":{"allow":["GET"]}}],"collection":[{"href":"https:\/\/www.radioluna.it\/news\/wp-json\/wp\/v2\/posts"}],"about":[{"href":"https:\/\/www.radioluna.it\/news\/wp-json\/wp\/v2\/types\/post"}],"author":[{"embeddable":true,"href":"https:\/\/www.radioluna.it\/news\/wp-json\/wp\/v2\/users\/60"}],"replies":[{"embeddable":true,"href":"https:\/\/www.radioluna.it\/news\/wp-json\/wp\/v2\/comments?post=368242"}],"version-history":[{"count":1,"href":"https:\/\/www.radioluna.it\/news\/wp-json\/wp\/v2\/posts\/368242\/revisions"}],"predecessor-version":[{"id":368243,"href":"https:\/\/www.radioluna.it\/news\/wp-json\/wp\/v2\/posts\/368242\/revisions\/368243"}],"wp:featuredmedia":[{"embeddable":true,"href":"https:\/\/www.radioluna.it\/news\/wp-json\/wp\/v2\/media\/368065"}],"wp:attachment":[{"href":"https:\/\/www.radioluna.it\/news\/wp-json\/wp\/v2\/media?parent=368242"}],"wp:term":[{"taxonomy":"category","embeddable":true,"href":"https:\/\/www.radioluna.it\/news\/wp-json\/wp\/v2\/categories?post=368242"},{"taxonomy":"post_tag","embeddable":true,"href":"https:\/\/www.radioluna.it\/news\/wp-json\/wp\/v2\/tags?post=368242"}],"curies":[{"name":"wp","href":"https:\/\/api.w.org\/{rel}","templated":true}]}}