{"id":368358,"date":"2025-01-25T17:29:57","date_gmt":"2025-01-25T16:29:57","guid":{"rendered":"https:\/\/www.radioluna.it\/news\/?p=368358"},"modified":"2025-01-25T18:53:14","modified_gmt":"2025-01-25T17:53:14","slug":"dormitorio-al-colosseo-m5s-latina-al-fianco-dei-residenti","status":"publish","type":"post","link":"https:\/\/www.radioluna.it\/news\/2025\/01\/dormitorio-al-colosseo-m5s-latina-al-fianco-dei-residenti\/","title":{"rendered":"Dormitorio al Colosseo, M5S Latina al fianco dei residenti"},"content":{"rendered":"<div id=\"fb-root\"><\/div>\n<p style=\"text-align: justify;\">Venerd\u00ec 24 gennaio, i residenti del &#8220;Colosseo&#8221; hanno organizzato un sit-in pacifico per esprimere il loro forte dissenso nei confronti del progetto del dormitorio per persone fragili che il Comune di Latina ha deciso di localizzare nella loro zona. La situazione ha visto la partecipazione attiva sia dei residenti che dei commercianti locali, preoccupati per le problematiche sociali e di sicurezza che si sono venute a creare.<\/p>\n<p style=\"text-align: justify;\">I rappresentanti del movimento di Latina, in una nota, scrivono: &#8220;Il &#8216;Colosseo&#8217;, un condominio che ospita anche attivit\u00e0 commerciali, si \u00e8 trasformato in un luogo di crescente disagio. Gli abitanti denunciano quotidianamente situazioni imbarazzanti e pericolose, con comportamenti inadeguati da parte delle persone ospitate nel dormitorio, troppo fragili per gestire una convivenza compatibile con il contesto. Le scene di tensione, le paure serali di uscire di casa e la perdita di clientela da parte dei commercianti sono solo alcuni dei disagi lamentati.<\/p>\n<p style=\"text-align: justify;\">Il gruppo territoriale M5S di Latina, con la consigliera comunale Maria Grazia Ciolfi, \u00e8 stato presente al sit-in per esprimere solidariet\u00e0 ai cittadini e supportare la loro richiesta di soluzioni concrete e pensate. Il dormitorio, pur essendo una necessit\u00e0, non pu\u00f2 essere ubicato all\u2019interno di un condominio residenziale e commerciale, dove la convivenza non \u00e8 sostenibile.<\/p>\n<p style=\"text-align: justify;\">Questo non \u00e8 il primo episodio di malgestione che riguarda il condominio: pochi mesi fa, l\u2019amministrazione ha dovuto intervenire per allontanare senza tetto che si erano insediati nei piani superiori dello stabile, riducendo l\u2019edificio a una vera e propria baraccopoli. Un segno che la gestione delle problematiche sociali, da parte dell&#8217; amministrazione, non \u00e8 adeguata&#8221;.<\/p>\n<p style=\"text-align: justify;\">Il Movimento 5 Stelle di Latina fa sapere che continuer\u00e0 a seguire la vicenda e a supportare i residenti e i commercianti, impegnandosi affinch\u00e9 venga trovata una soluzione dignitosa e definitiva.<\/p>\n<p>&nbsp;<\/p>\n","protected":false},"excerpt":{"rendered":"<p>Venerd\u00ec 24 gennaio, i residenti del &#8220;Colosseo&#8221; hanno organizzato un sit-in pacifico per esprimere il loro forte dissenso nei confronti del progetto del dormitorio per persone fragili che il Comune di Latina ha deciso di localizzare nella loro zona. La situazione ha visto la partecipazione attiva sia dei residenti che dei commercianti locali, preoccupati per [&hellip;]<\/p>\n","protected":false},"author":5443,"featured_media":368359,"comment_status":"open","ping_status":"open","sticky":false,"template":"","format":"standard","meta":{"footnotes":""},"categories":[8],"tags":[],"class_list":["post-368358","post","type-post","status-publish","format-standard","has-post-thumbnail","hentry","category-politica"],"_links":{"self":[{"href":"https:\/\/www.radioluna.it\/news\/wp-json\/wp\/v2\/posts\/368358","targetHints":{"allow":["GET"]}}],"collection":[{"href":"https:\/\/www.radioluna.it\/news\/wp-json\/wp\/v2\/posts"}],"about":[{"href":"https:\/\/www.radioluna.it\/news\/wp-json\/wp\/v2\/types\/post"}],"author":[{"embeddable":true,"href":"https:\/\/www.radioluna.it\/news\/wp-json\/wp\/v2\/users\/5443"}],"replies":[{"embeddable":true,"href":"https:\/\/www.radioluna.it\/news\/wp-json\/wp\/v2\/comments?post=368358"}],"version-history":[{"count":1,"href":"https:\/\/www.radioluna.it\/news\/wp-json\/wp\/v2\/posts\/368358\/revisions"}],"predecessor-version":[{"id":368360,"href":"https:\/\/www.radioluna.it\/news\/wp-json\/wp\/v2\/posts\/368358\/revisions\/368360"}],"wp:featuredmedia":[{"embeddable":true,"href":"https:\/\/www.radioluna.it\/news\/wp-json\/wp\/v2\/media\/368359"}],"wp:attachment":[{"href":"https:\/\/www.radioluna.it\/news\/wp-json\/wp\/v2\/media?parent=368358"}],"wp:term":[{"taxonomy":"category","embeddable":true,"href":"https:\/\/www.radioluna.it\/news\/wp-json\/wp\/v2\/categories?post=368358"},{"taxonomy":"post_tag","embeddable":true,"href":"https:\/\/www.radioluna.it\/news\/wp-json\/wp\/v2\/tags?post=368358"}],"curies":[{"name":"wp","href":"https:\/\/api.w.org\/{rel}","templated":true}]}}