{"id":369236,"date":"2025-02-08T08:32:02","date_gmt":"2025-02-08T07:32:02","guid":{"rendered":"https:\/\/www.radioluna.it\/news\/?p=369236"},"modified":"2025-02-08T08:32:02","modified_gmt":"2025-02-08T07:32:02","slug":"erogatori-dacqua-nelle-scuole-per-ridurre-luso-di-plastica-il-bando-della-provincia","status":"publish","type":"post","link":"https:\/\/www.radioluna.it\/news\/2025\/02\/erogatori-dacqua-nelle-scuole-per-ridurre-luso-di-plastica-il-bando-della-provincia\/","title":{"rendered":"Erogatori d&#8217;acqua nelle scuole per ridurre l&#8217;uso di plastica: il bando della Provincia"},"content":{"rendered":"<div id=\"fb-root\"><\/div>\n<p style=\"text-align: justify;\"><strong>LATINA<\/strong> &#8211;\u00a0 La Provincia di Latina, nell&#8217;ambito delle iniziative per potenziare la raccolta differenziata e ridurre l&#8217;uso della plastica nelle scuole secondarie superiori di competenza provinciale, ha deciso di intraprendere azioni mirate per promuovere un uso consapevole delle risorse idriche attraverso l&#8217;installazione di fontanelle per l&#8217;erogazione di acqua naturalizzata.<\/p>\n<p style=\"text-align: justify;\">\u201cLa consapevolezza riguardo alla sostenibilit\u00e0 sta aumentando, soprattutto tra le famiglie e le comunit\u00e0 scolastiche. Gli effetti negativi della plastica sono ben noti e ogni anno, le organizzazioni ambientaliste ci invitano a impegnarci personalmente per migliorare la situazione nel nostro \u201cpiccolo\u201d. &#8211; ha dichiarato il Presidente della Provincia, Gerardo Stefanelli. &#8211; Per questo motivo, abbiamo voluto proseguire le iniziative dell\u2019Ente per ridurre la produzione di rifiuti e ascoltare le richieste provenienti dagli Istituti e dalla Consulta provinciale degli studenti, destinando 260 m euro di contributi a fondo perduto per l&#8217;installazione di fontanelle nelle scuole e la dotazione di borracce.\u201d<\/p>\n<p style=\"text-align: justify;\">Il Settore Tutela del Territorio e Sviluppo Sostenibile ha pubblicato il bando di un avviso pubblico finalizzato alla concessione di contributi a fondo perduto destinati agli istituti superiori della provincia per l&#8217;attuazione di progetti volti a ridurre la produzione di plastica. Sono previsti contributi a fondo perduto fino al 100% per una o pi\u00f9 tipologia di intervento: l&#8217;acquisto di distributori di acqua potabile e di borracce, realizzate in materiale ecologico, per la distribuzione a studenti, docenti e personale scolastico in servizio presso i singoli plessi.<\/p>\n<p style=\"text-align: justify;\">\u201cLe fontanelle nelle scuole hanno un duplice scopo: ridurre l&#8217;uso della plastica e educare i giovani consumatori all&#8217;utilizzo dell&#8217;acqua non imbottigliata. &#8211; ha proseguito il Presidente Stefanelli. &#8211; Gli erogatori, collegati alla rete idrica, consentono l&#8217;erogazione immediata di acqua potabile. \u00c8 fondamentale superare il pregiudizio comune riguardo alla qualit\u00e0 dell&#8217;acqua del rubinetto. Tale percezione errata \u00e8 spesso influenzata da numerosi preconcetti e da una scarsa conoscenza dei moderni sistemi di depurazione disponibili.\u201d<\/p>\n<p style=\"text-align: justify;\">L\u2019obiettivo \u00e8 avere scuole plastic free e ridurre drasticamente l&#8217;uso della plastica monouso. I 260 mila euro destinati trovano copertura finanziaria nel Bilancio di previsione 2025 \u2013 2027. Il contributo \u00e8 a fondo perduto, fino alla concorrenza del 100 % dell\u2019importo complessivo del Quadro economico di intervento, per la parte interamente finanziata o cofinanziata dalla Provincia, fermo restando il limite massimo di 20 mila euro per singolo contributo ammesso. Restano a carico del beneficiario del contributo, le spese per l\u2019esercizio, la gestione e la manutenzione dei distributori di acqua.<\/p>\n<p style=\"text-align: justify;\">L&#8217;iniziativa si inserisce in un quadro pi\u00f9 ampio di progetti che mirano alla salvaguardia ambientale e alla promozione di stili di vita sostenibili. Le scuole interessate potranno presentare le domande di ammissione al finanziamento entro le 23,58 del 21\/03\/2025. Le domande dovranno pervenire esclusivamente tramite PEC all\u2019Ufficio di Protocollo nelle modalit\u00e0 indicate dal bando, pena l\u2019esclusione.<\/p>\n<p>Verificata l\u2019ammissibilit\u00e0 formale delle istanze presentate, la Commissione di Valutazione proceder\u00e0 alla stesura della graduatoria secondo i criteri definiti dal bando. La graduatoria sar\u00e0 pubblicata sul sito istituzionale dell\u2019Ente e sar\u00e0 valida fino al 31\/12\/2027.<\/p>\n<p>I progetti finanziati dovranno essere ultimati entro i 12 mesi dalla data di concessione del contributo, pena revoca dello stesso.<\/p>\n<p>\u00c8 possibile consultare il bando e relativi allegati sul sito istituzionale dell\u2019Ente.<\/p>\n<div class=\"radio-posizionamento-telefono-in-articoli-dopo-il-contenuto-articolo radio-entity-placement\" id=\"radio-2662757948\"><div id=\"radio-4227798938\"><a href=\"https:\/\/www.simeoneceramiche.com\/\" aria-label=\"SIMEONE CERAMICHE GIF animata per radioluna_Tavola disegno 1 copia 2 (online-video-cutter.com)\"><img loading=\"lazy\" decoding=\"async\" src=\"https:\/\/www.radioluna.it\/news\/wp-content\/uploads\/2025\/05\/SIMEONE-CERAMICHE-GIF-animata-per-radioluna_Tavola-disegno-1-copia-2-online-video-cutter.com_.gif\" alt=\"\"  width=\"300\" height=\"250\"   \/><\/a><\/div><\/div>","protected":false},"excerpt":{"rendered":"<p>LATINA &#8211;\u00a0 La Provincia di Latina, nell&#8217;ambito delle iniziative per potenziare la raccolta differenziata e ridurre l&#8217;uso della plastica nelle scuole secondarie superiori di competenza provinciale, ha deciso di intraprendere azioni mirate per promuovere un uso consapevole delle risorse idriche attraverso l&#8217;installazione di fontanelle per l&#8217;erogazione di acqua naturalizzata. \u201cLa consapevolezza riguardo alla sostenibilit\u00e0 sta [&hellip;]<\/p>\n","protected":false},"author":60,"featured_media":323246,"comment_status":"open","ping_status":"open","sticky":false,"template":"","format":"standard","meta":{"footnotes":""},"categories":[12,735],"tags":[],"class_list":["post-369236","post","type-post","status-publish","format-standard","has-post-thumbnail","hentry","category-ambiente","category-attualita"],"_links":{"self":[{"href":"https:\/\/www.radioluna.it\/news\/wp-json\/wp\/v2\/posts\/369236","targetHints":{"allow":["GET"]}}],"collection":[{"href":"https:\/\/www.radioluna.it\/news\/wp-json\/wp\/v2\/posts"}],"about":[{"href":"https:\/\/www.radioluna.it\/news\/wp-json\/wp\/v2\/types\/post"}],"author":[{"embeddable":true,"href":"https:\/\/www.radioluna.it\/news\/wp-json\/wp\/v2\/users\/60"}],"replies":[{"embeddable":true,"href":"https:\/\/www.radioluna.it\/news\/wp-json\/wp\/v2\/comments?post=369236"}],"version-history":[{"count":1,"href":"https:\/\/www.radioluna.it\/news\/wp-json\/wp\/v2\/posts\/369236\/revisions"}],"predecessor-version":[{"id":369237,"href":"https:\/\/www.radioluna.it\/news\/wp-json\/wp\/v2\/posts\/369236\/revisions\/369237"}],"wp:featuredmedia":[{"embeddable":true,"href":"https:\/\/www.radioluna.it\/news\/wp-json\/wp\/v2\/media\/323246"}],"wp:attachment":[{"href":"https:\/\/www.radioluna.it\/news\/wp-json\/wp\/v2\/media?parent=369236"}],"wp:term":[{"taxonomy":"category","embeddable":true,"href":"https:\/\/www.radioluna.it\/news\/wp-json\/wp\/v2\/categories?post=369236"},{"taxonomy":"post_tag","embeddable":true,"href":"https:\/\/www.radioluna.it\/news\/wp-json\/wp\/v2\/tags?post=369236"}],"curies":[{"name":"wp","href":"https:\/\/api.w.org\/{rel}","templated":true}]}}