{"id":369242,"date":"2025-02-10T10:06:57","date_gmt":"2025-02-10T09:06:57","guid":{"rendered":"https:\/\/www.radioluna.it\/news\/?p=369242"},"modified":"2025-02-10T10:15:09","modified_gmt":"2025-02-10T09:15:09","slug":"coltellate-ai-pub-noi-moderati-ora-profonda-riflessione-sulle-cause-del-disagio-giovanile","status":"publish","type":"post","link":"https:\/\/www.radioluna.it\/news\/2025\/02\/coltellate-ai-pub-noi-moderati-ora-profonda-riflessione-sulle-cause-del-disagio-giovanile\/","title":{"rendered":"Coltellate ai pub, Noi Moderati: &#8220;Ora profonda riflessione sulle cause del disagio giovanile&#8221;"},"content":{"rendered":"<div id=\"fb-root\"><\/div>\n<p style=\"text-align: justify;\"><strong>LATINA<\/strong> &#8211; Dopo l&#8217;identificazione e l&#8217;arresto dei tre ragazzi, indagati per tentato omicidio in concorso, per l&#8217;accoltellamento di tre adolescenti nella zona dei pub, il Commissario Comunale di Noi Moderati Latina Angelo Conti torna sul grave episodio e in una nota esorta a focalizzare l&#8217;attenzione sulle cause del disagio giovanile.<\/p>\n<p style=\"text-align: justify;\">\u00a0&#8220;Apprezziamo e ringraziamo la Magistratura e le Forze dell\u2019Ordine per essere intervenuti tempestivamente sul caso dell\u2019accoltellamento in zona pub che si pone come l\u2019apice di un tema pi\u00f9 ampio, ovvero la sicurezza dei ragazzi e delle famiglie. Senza entrare nel merito della vicenda giudiziaria, argomento che non ci spetta in alcun modo, ci sembra giusto valorizzare il messaggio che la Autorit\u00e0 Giudiziaria ha contributo a veicolare: su questi fatti tolleranza zero anche dall\u2019opinione pubblica perch\u00e9 la sicurezza dei nostri giovani \u00e8 un valore fondamentale sul quale non pu\u00f2 mediarsi o mostrarsi incerti. Detto questo\u00a0 &#8211; aggiunge l&#8217;esponente politico &#8211; riteniamo altrettanto fondamentale che la opportuna risposta repressiva debba camminare parallelamente ad una profonda riflessione sulle cause di questi fenomeni. Le Istituzioni, pensiamo alle amministrazioni ma anche agli enti formativi, devono accompagnare famiglie e genitori in un processo di analisi e metabolizzazione delle ragioni alla base di un disagio giovanile che non pu\u00f2 essere negato n\u00e9 minimizzato. Noi Moderati su questo continuer\u00e0 a fare la propria parte, come gi\u00e0 sta avvenendo attraverso l\u2019impegno nel lavoro della Commissione Affari Sociali presieduta dal Consigliere Nicola Catani&#8221;.<\/p>\n<p style=\"text-align: justify;\">\n","protected":false},"excerpt":{"rendered":"<p>LATINA &#8211; Dopo l&#8217;identificazione e l&#8217;arresto dei tre ragazzi, indagati per tentato omicidio in concorso, per l&#8217;accoltellamento di tre adolescenti nella zona dei pub, il Commissario Comunale di Noi Moderati Latina Angelo Conti torna sul grave episodio e in una nota esorta a focalizzare l&#8217;attenzione sulle cause del disagio giovanile. \u00a0&#8220;Apprezziamo e ringraziamo la Magistratura [&hellip;]<\/p>\n","protected":false},"author":62,"featured_media":369016,"comment_status":"open","ping_status":"open","sticky":false,"template":"","format":"standard","meta":{"footnotes":""},"categories":[8],"tags":[],"class_list":["post-369242","post","type-post","status-publish","format-standard","has-post-thumbnail","hentry","category-politica"],"_links":{"self":[{"href":"https:\/\/www.radioluna.it\/news\/wp-json\/wp\/v2\/posts\/369242","targetHints":{"allow":["GET"]}}],"collection":[{"href":"https:\/\/www.radioluna.it\/news\/wp-json\/wp\/v2\/posts"}],"about":[{"href":"https:\/\/www.radioluna.it\/news\/wp-json\/wp\/v2\/types\/post"}],"author":[{"embeddable":true,"href":"https:\/\/www.radioluna.it\/news\/wp-json\/wp\/v2\/users\/62"}],"replies":[{"embeddable":true,"href":"https:\/\/www.radioluna.it\/news\/wp-json\/wp\/v2\/comments?post=369242"}],"version-history":[{"count":4,"href":"https:\/\/www.radioluna.it\/news\/wp-json\/wp\/v2\/posts\/369242\/revisions"}],"predecessor-version":[{"id":369325,"href":"https:\/\/www.radioluna.it\/news\/wp-json\/wp\/v2\/posts\/369242\/revisions\/369325"}],"wp:featuredmedia":[{"embeddable":true,"href":"https:\/\/www.radioluna.it\/news\/wp-json\/wp\/v2\/media\/369016"}],"wp:attachment":[{"href":"https:\/\/www.radioluna.it\/news\/wp-json\/wp\/v2\/media?parent=369242"}],"wp:term":[{"taxonomy":"category","embeddable":true,"href":"https:\/\/www.radioluna.it\/news\/wp-json\/wp\/v2\/categories?post=369242"},{"taxonomy":"post_tag","embeddable":true,"href":"https:\/\/www.radioluna.it\/news\/wp-json\/wp\/v2\/tags?post=369242"}],"curies":[{"name":"wp","href":"https:\/\/api.w.org\/{rel}","templated":true}]}}