{"id":369255,"date":"2025-02-08T13:25:07","date_gmt":"2025-02-08T12:25:07","guid":{"rendered":"https:\/\/www.radioluna.it\/news\/?p=369255"},"modified":"2025-02-08T13:25:07","modified_gmt":"2025-02-08T12:25:07","slug":"latina-dopo-le-proteste-celentano-incontra-i-residenti-al-colosseo-e-illustra-le-novita-per-il-dormitorio","status":"publish","type":"post","link":"https:\/\/www.radioluna.it\/news\/2025\/02\/latina-dopo-le-proteste-celentano-incontra-i-residenti-al-colosseo-e-illustra-le-novita-per-il-dormitorio\/","title":{"rendered":"Latina, dopo le proteste, Celentano incontra i residenti al Colosseo e illustra le novit\u00e0 per il dormitorio"},"content":{"rendered":"<div id=\"fb-root\"><\/div>\n<p style=\"text-align: justify;\"><strong>LATINA<\/strong> &#8211;\u00a0 La prima cittadina di Latina, Matilde Celentano, e l\u2019assessore al Welfare, Michele Nasso, hanno incontrato i residenti del Colosseo come annunciato nei giorni della protesta contro il dormitorio. \u00c8 stata l\u2019occasione per confrontarsi sulla situazione attuale e per comunicare le decisioni, relative al prossimo anno, riguardanti il dormitorio per l\u2019emergenza freddo, dopo le \u00a0decisioni prese dai sindaci del distretto socio-sanitario Lt-2, .<\/p>\n<p style=\"text-align: justify;\">\u201cL\u2019incontro con i rappresentanti dei residenti del Colosseo \u2013 afferma Celentano \u2013 \u00e8 stato proficuo e positivo. In seguito alla riunione del comitato per l\u2019ordine e la sicurezza presieduto dal Prefetto Vittoria Ciaramella, da me richiesto, infatti, sono state mantenute le promesse e, ad oggi, presso la sede del dormitorio invernale che rester\u00e0 aperta fino al 31 marzo, \u00e8 stata incrementata la sicurezza tramite una maggiore presenza delle forze di polizia, compresa la Polizia Locale con pattuglie quotidiane, e il servizio di pulizia ad opera di Abc. Questo \u00e8 stato accolto positivamente dagli abitanti del palazzo, che ringrazio, ai quali ho avuto modo di riferire le novit\u00e0 riguardanti la prossima stagione invernale. \u00c8 stato stabilito, infatti, che sar\u00e0 il distretto socio-sanitario Lt2 a stabilire la sede del dormitorio invernale 2025-2026, in uno spazio di propriet\u00e0 del Comune di Latina o in un\u2019area dove \u00e8 possibile installare una tensostruttura, tenendo conto sia delle esigenze di accoglienza degli ospiti che della popolazione. Questa scelta, che verr\u00e0 effettuata entro il mese di maggio 2025, sar\u00e0 preliminare all\u2019affidamento del servizio di gestione dello stesso. La differenza \u00e8 sostanziale: la scelta non spetter\u00e0 pi\u00f9 al gestore del servizio di emergenza freddo, ma ai sindaci del distretto socio-sanitario, di cui Latina \u00e8 capofila, e l\u2019affidamento avverr\u00e0 solo successivamente. La novit\u00e0 \u2013 conclude Celentano &#8211; \u00e8 stata accolta favorevolmente dai residenti del Colosseo, ai quali \u00e8 stato nuovamente specificato che quella indicata per quest\u2019anno \u00e8 stata solamente una sede provvisoria e non definitiva\u201d.<\/p>\n<p style=\"text-align: justify;\">Alla riunione del distretto socio-sanitario Lt2 erano presenti con la sindaca di Latina e l\u2019assessore al Welfare Nasso, il sindaco di Pontinia Eligio Tombolillo e i delegati dai primi cittadini per i comuni di Sermoneta, Norma e Sabaudia Valentina Cianfriglia, Nadia Dell\u2019Omo e Davide Gallucci.<\/p>\n<p>&#8212;<\/p>\n<div class=\"radio-posizionamento-telefono-in-articoli-dopo-il-contenuto-articolo radio-entity-placement\" id=\"radio-700049726\"><div id=\"radio-3913442011\"><a href=\"https:\/\/grupporedi.it\/\" aria-label=\"Redi-Qr\"><img loading=\"lazy\" decoding=\"async\" src=\"https:\/\/www.radioluna.it\/news\/wp-content\/uploads\/2026\/03\/Redi-Qr.jpg\" alt=\"\"  srcset=\"https:\/\/www.radioluna.it\/news\/wp-content\/uploads\/2026\/03\/Redi-Qr.jpg 800w, https:\/\/www.radioluna.it\/news\/wp-content\/uploads\/2026\/03\/Redi-Qr-768x639.jpg 768w\" sizes=\"(max-width: 800px) 100vw, 800px\" width=\"300\" height=\"250\"   \/><\/a><\/div><\/div>","protected":false},"excerpt":{"rendered":"<p>LATINA &#8211;\u00a0 La prima cittadina di Latina, Matilde Celentano, e l\u2019assessore al Welfare, Michele Nasso, hanno incontrato i residenti del Colosseo come annunciato nei giorni della protesta contro il dormitorio. \u00c8 stata l\u2019occasione per confrontarsi sulla situazione attuale e per comunicare le decisioni, relative al prossimo anno, riguardanti il dormitorio per l\u2019emergenza freddo, dopo le [&hellip;]<\/p>\n","protected":false},"author":62,"featured_media":369256,"comment_status":"open","ping_status":"open","sticky":false,"template":"","format":"standard","meta":{"footnotes":""},"categories":[735,7],"tags":[],"class_list":["post-369255","post","type-post","status-publish","format-standard","has-post-thumbnail","hentry","category-attualita","category-cronaca"],"_links":{"self":[{"href":"https:\/\/www.radioluna.it\/news\/wp-json\/wp\/v2\/posts\/369255","targetHints":{"allow":["GET"]}}],"collection":[{"href":"https:\/\/www.radioluna.it\/news\/wp-json\/wp\/v2\/posts"}],"about":[{"href":"https:\/\/www.radioluna.it\/news\/wp-json\/wp\/v2\/types\/post"}],"author":[{"embeddable":true,"href":"https:\/\/www.radioluna.it\/news\/wp-json\/wp\/v2\/users\/62"}],"replies":[{"embeddable":true,"href":"https:\/\/www.radioluna.it\/news\/wp-json\/wp\/v2\/comments?post=369255"}],"version-history":[{"count":1,"href":"https:\/\/www.radioluna.it\/news\/wp-json\/wp\/v2\/posts\/369255\/revisions"}],"predecessor-version":[{"id":369257,"href":"https:\/\/www.radioluna.it\/news\/wp-json\/wp\/v2\/posts\/369255\/revisions\/369257"}],"wp:featuredmedia":[{"embeddable":true,"href":"https:\/\/www.radioluna.it\/news\/wp-json\/wp\/v2\/media\/369256"}],"wp:attachment":[{"href":"https:\/\/www.radioluna.it\/news\/wp-json\/wp\/v2\/media?parent=369255"}],"wp:term":[{"taxonomy":"category","embeddable":true,"href":"https:\/\/www.radioluna.it\/news\/wp-json\/wp\/v2\/categories?post=369255"},{"taxonomy":"post_tag","embeddable":true,"href":"https:\/\/www.radioluna.it\/news\/wp-json\/wp\/v2\/tags?post=369255"}],"curies":[{"name":"wp","href":"https:\/\/api.w.org\/{rel}","templated":true}]}}