{"id":369355,"date":"2025-02-10T18:09:05","date_gmt":"2025-02-10T17:09:05","guid":{"rendered":"https:\/\/www.radioluna.it\/news\/?p=369355"},"modified":"2025-02-10T18:09:05","modified_gmt":"2025-02-10T17:09:05","slug":"etica-sociale-e-politica-cisterna-aderisce-alla-dichiarazione-di-fraternita-umana","status":"publish","type":"post","link":"https:\/\/www.radioluna.it\/news\/2025\/02\/etica-sociale-e-politica-cisterna-aderisce-alla-dichiarazione-di-fraternita-umana\/","title":{"rendered":"Etica sociale e politica, Cisterna aderisce alla dichiarazione di \u201cfraternit\u00e0 umana\u201d"},"content":{"rendered":"<div id=\"fb-root\"><\/div>\n<p style=\"text-align: justify;\">Il Comune di Cisterna ha sottoscritto l\u2019adesione alla dichiarazione sulla fraternit\u00e0 umana e alle iniziative promosse in collaborazione tra Anci e Fondazione Fratelli Tutti, intesa nata per sostenere la diffusione della cultura della collaborazione e dell\u2019integrazione di tutti gli attori pubblici \u2013 tra i quali i Comuni \u2013 che compongono l\u2019ecosistema istituzionale, in un contesto di leale collaborazione interistituzionale a tutela del bene comune.<\/p>\n<p style=\"text-align: justify;\">Nello specifico l\u2019amministrazione con questo atto si impegna a portare avanti i principi dell\u2019iniziativa della Fondazione\u00a0<em>Fratelli tutti<\/em>, che nel giugno 2023 ha organizzato il primo Incontro Mondiale sulla Fraternit\u00e0 Umana \u2013\u00a0<em>World Meeting on Human Fraternity<\/em>.\u00a0iniziative il cui obiettivo \u00e8 tradurre i principi di fraternit\u00e0 nella quotidianit\u00e0 dell\u2019azione amministrativa, sociale e politica, affinch\u00e9 la fraternit\u00e0 possa alimentare le comunit\u00e0, sia nel metodo, sia nei contenuti e nelle scelte di governo.<\/p>\n<p style=\"text-align: justify;\">Riconoscendo il valore pedagogico e civile dell\u2019impegno richiesto dal ruolo di amministratore comunale, gli enti si impegnano a favorire l\u2019esercizio della cittadinanza attiva e responsabile, come strumento di educazione politica soprattutto e di responsabilit\u00e0 sociale verso il prossimo.<\/p>\n<p style=\"text-align: justify;\">Ci\u00f2 che ANCI e Fondazione Fratelli Tutti intendono proseguire \u00e8 una collaborazione inter-istituzionale tra amministratori locali intendiamo nell\u2019azione di sostegno e diffusione della cultura della collaborazione e dell\u2019integrazione di tutti gli attori pubblici che compongono l\u2019ecosistema istituzionale: Governo, Regioni, Province e Comuni e loro aggregazioni. Attori pubblici che, con ruoli e compiti diversi, perseguono tutti l\u2019interesse delle comunit\u00e0 e tutelano il \u201cbene comune\u201d, in un contesto di leale collaborazione interistituzionale.<\/p>\n<p style=\"text-align: justify;\">Un altro degli obiettivi fissati riguarda la sussidiariet\u00e0 e la solidariet\u00e0 e la promozione all\u2019interno delle citt\u00e0, grandi o piccole che siano, di uno sviluppo umano integrale fondato sulla libert\u00e0, la solidariet\u00e0 e la sussidiariet\u00e0, mobilitando le energie di ogni cittadino e le risorse della comunit\u00e0 &#8211; Comune, scuola, famiglia, impresa, Terzo settore &#8211; per costruire il \u201cbene comune\u201d al servizio della collettivit\u00e0 e dell\u2019interesse generale. In sostanza si punta a fare \u201crete sul territorio\u201d anche attraverso l\u2019istituzione di tavoli di lavoro locali in collaborazione con i diversi attori sociali presenti sul territorio, con le associazioni di rappresentanza dei cittadini e del terzo settore<\/p>\n","protected":false},"excerpt":{"rendered":"<p>Il Comune di Cisterna ha sottoscritto l\u2019adesione alla dichiarazione sulla fraternit\u00e0 umana e alle iniziative promosse in collaborazione tra Anci e Fondazione Fratelli Tutti, intesa nata per sostenere la diffusione della cultura della collaborazione e dell\u2019integrazione di tutti gli attori pubblici \u2013 tra i quali i Comuni \u2013 che compongono l\u2019ecosistema istituzionale, in un contesto [&hellip;]<\/p>\n","protected":false},"author":5443,"featured_media":369356,"comment_status":"open","ping_status":"open","sticky":false,"template":"","format":"standard","meta":{"footnotes":""},"categories":[735],"tags":[],"class_list":["post-369355","post","type-post","status-publish","format-standard","has-post-thumbnail","hentry","category-attualita"],"_links":{"self":[{"href":"https:\/\/www.radioluna.it\/news\/wp-json\/wp\/v2\/posts\/369355","targetHints":{"allow":["GET"]}}],"collection":[{"href":"https:\/\/www.radioluna.it\/news\/wp-json\/wp\/v2\/posts"}],"about":[{"href":"https:\/\/www.radioluna.it\/news\/wp-json\/wp\/v2\/types\/post"}],"author":[{"embeddable":true,"href":"https:\/\/www.radioluna.it\/news\/wp-json\/wp\/v2\/users\/5443"}],"replies":[{"embeddable":true,"href":"https:\/\/www.radioluna.it\/news\/wp-json\/wp\/v2\/comments?post=369355"}],"version-history":[{"count":1,"href":"https:\/\/www.radioluna.it\/news\/wp-json\/wp\/v2\/posts\/369355\/revisions"}],"predecessor-version":[{"id":369357,"href":"https:\/\/www.radioluna.it\/news\/wp-json\/wp\/v2\/posts\/369355\/revisions\/369357"}],"wp:featuredmedia":[{"embeddable":true,"href":"https:\/\/www.radioluna.it\/news\/wp-json\/wp\/v2\/media\/369356"}],"wp:attachment":[{"href":"https:\/\/www.radioluna.it\/news\/wp-json\/wp\/v2\/media?parent=369355"}],"wp:term":[{"taxonomy":"category","embeddable":true,"href":"https:\/\/www.radioluna.it\/news\/wp-json\/wp\/v2\/categories?post=369355"},{"taxonomy":"post_tag","embeddable":true,"href":"https:\/\/www.radioluna.it\/news\/wp-json\/wp\/v2\/tags?post=369355"}],"curies":[{"name":"wp","href":"https:\/\/api.w.org\/{rel}","templated":true}]}}