{"id":369383,"date":"2025-02-11T10:41:10","date_gmt":"2025-02-11T09:41:10","guid":{"rendered":"https:\/\/www.radioluna.it\/news\/?p=369383"},"modified":"2025-02-11T19:18:45","modified_gmt":"2025-02-11T18:18:45","slug":"al-comune-di-latina-204mila-euro-per-realizzare-unisola-balneare-per-persone-con-disabilita","status":"publish","type":"post","link":"https:\/\/www.radioluna.it\/news\/2025\/02\/al-comune-di-latina-204mila-euro-per-realizzare-unisola-balneare-per-persone-con-disabilita\/","title":{"rendered":"Al Comune di Latina 204mila euro per realizzare un&#8217;isola balneare per persone con disabilit\u00e0"},"content":{"rendered":"<div id=\"fb-root\"><\/div>\n<p style=\"text-align: justify;\">Il Comune di Latina \u00e8 stato ammesso al finanziamento totale di 204.000 euro per la realizzazione di un&#8217;isola balneare accessibile a persone con disabilit\u00e0. L&#8217;iniziativa, che mira a garantire pari opportunit\u00e0 di fruizione delle risorse naturali del litorale, \u00e8 stata selezionata nell&#8217;ambito della manifestazione di interesse regionale di novembre 2024 per proposte progettuali relative alla Blue Economy.<\/p>\n<p style=\"text-align: justify;\">\u201cCome sindaco di Latina \u2013 afferma Matilde Celentano &#8211; sono estremamente orgogliosa di poter annunciare che il Comune di Latina \u00e8 stato ammesso al massimo del finanziamento. Il progetto accolto, \u201cTutti al mare\u201d, permetter\u00e0 alla nostra amministrazione di fare un passo importante verso una citt\u00e0 pi\u00f9 inclusiva e attenta alle esigenze di tutti i cittadini. L&#8217;accessibilit\u00e0 al nostro litorale \u00e8 un diritto che deve essere garantito a tutte le persone, indipendentemente dalle loro condizioni fisiche. La realizzazione di un\u2019isola balneare non solo migliorer\u00e0 la qualit\u00e0 della vita delle persone con disabilit\u00e0, ma contribuir\u00e0 anche a rafforzare il nostro impegno per la Blue Economy, promuovendo una fruizione sostenibile e inclusiva del nostro patrimonio naturale. Ringrazio la Regione Lazio, l\u2019assessore Gianluca Di Cocco, gli uffici e tutti coloro che hanno collaborato a rendere realt\u00e0 questa iniziativa, che \u00e8 solo l&#8217;inizio di un percorso che continuer\u00e0 a mettere al centro le persone e le loro esigenze\u201d.<\/p>\n<p style=\"text-align: justify;\">&#8220;Il progetto del Comune di Latina, ammesso a finanziamento \u2013 afferma l\u2019assessore alla Marina Gianluca Di Cocco \u2013 prevede la creazione di una spiaggia attrezzata per persone con disabilit\u00e0 nel tratto \u2018B\u2019 del lungomare di Latina (Capoportiere-Rio Martino). I bagnanti potranno accedere alla zona tramite una rampa apposita e camminamenti in materiale eco-compatibile, dotati di ausili per ipovedenti, poggiati sulla sabbia. Saranno installate otto postazioni con ombrelloni, due spogliatoi, un deposito per ombrelloni, due per sedie job, due bagni chimici, otto sedie job, un defibrillatore e un dispositivo Seatrac, che consentir\u00e0 alle persone con difficolt\u00e0 motorie di accedere in acqua autonomamente. Il progetto \u201cTutti al mare\u201d, dunque, migliorer\u00e0 la vivibilit\u00e0 e la fruibilit\u00e0 della nostra marina per le persone con disabilit\u00e0\u201d.<\/p>\n","protected":false},"excerpt":{"rendered":"<p>Il Comune di Latina \u00e8 stato ammesso al finanziamento totale di 204.000 euro per la realizzazione di un&#8217;isola balneare accessibile a persone con disabilit\u00e0. L&#8217;iniziativa, che mira a garantire pari opportunit\u00e0 di fruizione delle risorse naturali del litorale, \u00e8 stata selezionata nell&#8217;ambito della manifestazione di interesse regionale di novembre 2024 per proposte progettuali relative alla [&hellip;]<\/p>\n","protected":false},"author":5443,"featured_media":369384,"comment_status":"open","ping_status":"open","sticky":false,"template":"","format":"standard","meta":{"footnotes":""},"categories":[735,8],"tags":[],"class_list":["post-369383","post","type-post","status-publish","format-standard","has-post-thumbnail","hentry","category-attualita","category-politica"],"_links":{"self":[{"href":"https:\/\/www.radioluna.it\/news\/wp-json\/wp\/v2\/posts\/369383","targetHints":{"allow":["GET"]}}],"collection":[{"href":"https:\/\/www.radioluna.it\/news\/wp-json\/wp\/v2\/posts"}],"about":[{"href":"https:\/\/www.radioluna.it\/news\/wp-json\/wp\/v2\/types\/post"}],"author":[{"embeddable":true,"href":"https:\/\/www.radioluna.it\/news\/wp-json\/wp\/v2\/users\/5443"}],"replies":[{"embeddable":true,"href":"https:\/\/www.radioluna.it\/news\/wp-json\/wp\/v2\/comments?post=369383"}],"version-history":[{"count":1,"href":"https:\/\/www.radioluna.it\/news\/wp-json\/wp\/v2\/posts\/369383\/revisions"}],"predecessor-version":[{"id":369385,"href":"https:\/\/www.radioluna.it\/news\/wp-json\/wp\/v2\/posts\/369383\/revisions\/369385"}],"wp:featuredmedia":[{"embeddable":true,"href":"https:\/\/www.radioluna.it\/news\/wp-json\/wp\/v2\/media\/369384"}],"wp:attachment":[{"href":"https:\/\/www.radioluna.it\/news\/wp-json\/wp\/v2\/media?parent=369383"}],"wp:term":[{"taxonomy":"category","embeddable":true,"href":"https:\/\/www.radioluna.it\/news\/wp-json\/wp\/v2\/categories?post=369383"},{"taxonomy":"post_tag","embeddable":true,"href":"https:\/\/www.radioluna.it\/news\/wp-json\/wp\/v2\/tags?post=369383"}],"curies":[{"name":"wp","href":"https:\/\/api.w.org\/{rel}","templated":true}]}}