{"id":369898,"date":"2025-02-18T16:13:17","date_gmt":"2025-02-18T15:13:17","guid":{"rendered":"https:\/\/www.radioluna.it\/news\/?p=369898"},"modified":"2025-02-18T16:22:49","modified_gmt":"2025-02-18T15:22:49","slug":"seconda-edizione-di-sportiva-e-sportivo-dellanno","status":"publish","type":"post","link":"https:\/\/www.radioluna.it\/news\/2025\/02\/seconda-edizione-di-sportiva-e-sportivo-dellanno\/","title":{"rendered":"Seconda edizione di \u201cSportiva e sportivo dell\u2019anno&#8221;"},"content":{"rendered":"<div id=\"fb-root\"><\/div>\n<p><strong>LATINA<\/strong> &#8211; Tutto pronto per la seconda edizione dei premi \u201cSportiva e sportivo dell\u2019anno\u201d, \u201cUna vita per lo sport\u201d e \u201cSport e solidariet\u00e0\u201d. La kermesse sportiva, che quest\u2019anno vede come partecipanti il doppio degli sportivi della scorsa edizione, \u00a0si terr\u00e0 al teatro D\u2019Annunzio marted\u00ec 25 febbraio, alle ore 17.<\/p>\n<p>Dieci premi in palio : \u201cUna vita per lo sport\u201d, \u201cSport e solidariet\u00e0\u201d, \u201cSquadra maschile\u201d, \u201cSquadra femminile\u201d, \u201cSquadra maschile paralimpica\u201d, \u201cSquadra femminile paralimpica\u201d, \u201cAtleta maschile\u201d, \u201cAtleta femminile\u201d, \u201cAtleta maschile paralimpico\u201d e \u201cAtleta femminile paralimpico\u201d. Nel corso della serata, inoltre, verranno svelati anche i nomi delle 41 menzioni speciali decise ad insindacabile giudizio del sindaco Matilde Celentano.<\/p>\n<p>I vincitori sono stati decisi dalla commissione giudicatrice composta dal delegato del Sindaco ai grandi eventi, Alessandro Marfisi, dal presidente della commissione Sport Claudio Di Matteo e dai Roberto Cavana, Claudio Gavillucci, Roberto Martin, Paolo Finestra, Alfonso Masullo, Novella Schiesaro, Viviana Bisegna, Eleonora Morassi, Maria Rosa Testa, Alessia Gasbarroni, Serena Baccini, Valeria Campagna, Mauro Anzalone e Floriana Coletta.<br \/>\nAltra novit\u00e0, prevista per la seconda edizione della cerimonia, riguarda gli ingressi a teatro. Quest\u2019anno si entrer\u00e0 solamente con biglietto cartaceo. Il servizio Sport sta consegnando, gi\u00e0 in queste ore, i biglietti ai protagonisti della kermesse, ossia agli atleti, alle squadre, ai dirigenti e ai tecnici sportivi che hanno partecipato alla manifestazione di interesse e attendono di scoprire i vincitori nel corso della serata. Per i posti ancora disponibili, verr\u00e0 attivata una prenotazione online dei biglietti, consentendo al pubblico di prenotare gratuitamente i biglietti rimanenti in modo semplice e rapido. Un\u2019attenzione particolare verr\u00e0 riservata all\u2019accessibilit\u00e0: verr\u00e0 chiesto a tutti gli invitati di specificare le necessit\u00e0 di posti riservati per gli spettatori con ridotte funzionalit\u00e0 motorie.<\/p>\n<p>\u201cL\u2019attivit\u00e0 sportiva nella nostra citt\u00e0 \u2013 sottolinea il sindaco Matilde Celentano \u2013 continua a svolgere un ruolo fondamentale nel migliorare la qualit\u00e0 della vita dei nostri cittadini, sia a livello individuale che collettivo. Lo sport non solo promuove il benessere, ma contribuisce anche a rafforzare il senso di comunit\u00e0, creando occasioni di incontro tra persone di diverse et\u00e0 e culture, unite da valori condivisi come il rispetto e la solidariet\u00e0. \u00c8 con grande piacere che ritorno al teatro D\u2019Annunzio per premiare coloro che si sono distinti nel corso del 2024. Nella serata del 25 febbraio daremo il giusto merito a tutti coloro che hanno ottenuto risultati straordinari, portando in alto il nome della nostra citt\u00e0\u201d.<\/p>\n<p>\u201cLa kermesse di quest\u2019anno \u2013 continua l\u2019assessore Chiarato \u2013 prevede una serie di novit\u00e0 di cui siamo orgogliosi. La prima \u00e8 il coinvolgimento attivo delle testate giornalistiche presenti sul territorio. I giornalisti, che saliranno sul palco per le premiazioni, sono infatti anche loro testimoni dei successi degli sportivi. Li hanno conosciuti e seguiti nelle varie fasi culminate con i risultati ottenuti e, per questo, abbiamo fortemente voluto la loro presenza il 25 febbraio. La serata, inoltre, sar\u00e0 centrata sui 10 premiati che conosceremo e potremo apprezzare tutti per la loro caparbiet\u00e0 che li ha portati a raggiungere il massimo. Ringrazio tutti coloro che stanno lavorando alla riuscita della kermesse sportiva: gli uffici, il delegato del sindaco Alessandro Marfisi, la commissione giudicatrice, la commissione Sport presieduta da Claudio Di Matteo e Bianca Francavilla, che sar\u00e0 la presentatrice della serata. Questo evento, a cui l\u2019amministrazione tiene in modo particolare, \u00e8 solo il primo di una serie di appuntamenti in vista del 26 dicembre 2025, quando Latina ospiter\u00e0 la fiaccola olimpica per i Giochi Olimpici Invernali di Milano-Cortina 2026\u201d.<\/p>\n<p>&nbsp;<\/p>\n<p><img loading=\"lazy\" decoding=\"async\" class=\"alignnone size-full wp-image-369901\" src=\"https:\/\/www.radioluna.it\/news\/wp-content\/uploads\/2025\/02\/25-febbraio-2025-1.jpg\" alt=\"\" width=\"597\" height=\"854\" \/><\/p>\n","protected":false},"excerpt":{"rendered":"<p>LATINA &#8211; Tutto pronto per la seconda edizione dei premi \u201cSportiva e sportivo dell\u2019anno\u201d, \u201cUna vita per lo sport\u201d e \u201cSport e solidariet\u00e0\u201d. La kermesse sportiva, che quest\u2019anno vede come partecipanti il doppio degli sportivi della scorsa edizione, \u00a0si terr\u00e0 al teatro D\u2019Annunzio marted\u00ec 25 febbraio, alle ore 17. Dieci premi in palio : \u201cUna [&hellip;]<\/p>\n","protected":false},"author":5444,"featured_media":369899,"comment_status":"open","ping_status":"open","sticky":false,"template":"","format":"standard","meta":{"footnotes":""},"categories":[16,734],"tags":[],"class_list":["post-369898","post","type-post","status-publish","format-standard","has-post-thumbnail","hentry","category-appuntamenti","category-evidenza"],"_links":{"self":[{"href":"https:\/\/www.radioluna.it\/news\/wp-json\/wp\/v2\/posts\/369898","targetHints":{"allow":["GET"]}}],"collection":[{"href":"https:\/\/www.radioluna.it\/news\/wp-json\/wp\/v2\/posts"}],"about":[{"href":"https:\/\/www.radioluna.it\/news\/wp-json\/wp\/v2\/types\/post"}],"author":[{"embeddable":true,"href":"https:\/\/www.radioluna.it\/news\/wp-json\/wp\/v2\/users\/5444"}],"replies":[{"embeddable":true,"href":"https:\/\/www.radioluna.it\/news\/wp-json\/wp\/v2\/comments?post=369898"}],"version-history":[{"count":3,"href":"https:\/\/www.radioluna.it\/news\/wp-json\/wp\/v2\/posts\/369898\/revisions"}],"predecessor-version":[{"id":369904,"href":"https:\/\/www.radioluna.it\/news\/wp-json\/wp\/v2\/posts\/369898\/revisions\/369904"}],"wp:featuredmedia":[{"embeddable":true,"href":"https:\/\/www.radioluna.it\/news\/wp-json\/wp\/v2\/media\/369899"}],"wp:attachment":[{"href":"https:\/\/www.radioluna.it\/news\/wp-json\/wp\/v2\/media?parent=369898"}],"wp:term":[{"taxonomy":"category","embeddable":true,"href":"https:\/\/www.radioluna.it\/news\/wp-json\/wp\/v2\/categories?post=369898"},{"taxonomy":"post_tag","embeddable":true,"href":"https:\/\/www.radioluna.it\/news\/wp-json\/wp\/v2\/tags?post=369898"}],"curies":[{"name":"wp","href":"https:\/\/api.w.org\/{rel}","templated":true}]}}