{"id":370123,"date":"2025-02-21T17:15:48","date_gmt":"2025-02-21T16:15:48","guid":{"rendered":"https:\/\/www.radioluna.it\/news\/?p=370123"},"modified":"2025-02-21T17:15:48","modified_gmt":"2025-02-21T16:15:48","slug":"decisamente-latina-al-mug-il-bilancio-del-primo-anno-di-attivita","status":"publish","type":"post","link":"https:\/\/www.radioluna.it\/news\/2025\/02\/decisamente-latina-al-mug-il-bilancio-del-primo-anno-di-attivita\/","title":{"rendered":"Decisamente Latina, al Mug il bilancio del primo anno di attivit\u00e0"},"content":{"rendered":"<div id=\"fb-root\"><\/div>\n<p style=\"text-align: justify;\"><strong>LATINA<\/strong> &#8211; Il movimento civico Decisamente Latina, in occasione del suo primo anno di attivit\u00e0, organizza un incontro pubblico in programma sabato 22 febbraio (alle 10), al MUG Museo Giannini di via Oberdan a Latina, durante il quale il Presidente, Andrea Giuliani, traccer\u00e0 un bilancio di attivit\u00e0.<\/p>\n<p style=\"text-align: justify;\">L&#8217;incontro, che vedr\u00e0 la partecipazione della sindaca di Latina, Matilde Celentano, sar\u00e0 anche l&#8217;occasione per parlare della\u00a0 Fondazione Latina 2032 insieme al primo firmatario delle Legge, il senatore Nicola Calandrini, e al giornalista e docente universitario, Alessio Postiglione.<\/p>\n<p style=\"text-align: justify;\">\n","protected":false},"excerpt":{"rendered":"<p>LATINA &#8211; Il movimento civico Decisamente Latina, in occasione del suo primo anno di attivit\u00e0, organizza un incontro pubblico in programma sabato 22 febbraio (alle 10), al MUG Museo Giannini di via Oberdan a Latina, durante il quale il Presidente, Andrea Giuliani, traccer\u00e0 un bilancio di attivit\u00e0. L&#8217;incontro, che vedr\u00e0 la partecipazione della sindaca di [&hellip;]<\/p>\n","protected":false},"author":60,"featured_media":370124,"comment_status":"open","ping_status":"open","sticky":false,"template":"","format":"standard","meta":{"footnotes":""},"categories":[16,8],"tags":[],"class_list":["post-370123","post","type-post","status-publish","format-standard","has-post-thumbnail","hentry","category-appuntamenti","category-politica"],"_links":{"self":[{"href":"https:\/\/www.radioluna.it\/news\/wp-json\/wp\/v2\/posts\/370123","targetHints":{"allow":["GET"]}}],"collection":[{"href":"https:\/\/www.radioluna.it\/news\/wp-json\/wp\/v2\/posts"}],"about":[{"href":"https:\/\/www.radioluna.it\/news\/wp-json\/wp\/v2\/types\/post"}],"author":[{"embeddable":true,"href":"https:\/\/www.radioluna.it\/news\/wp-json\/wp\/v2\/users\/60"}],"replies":[{"embeddable":true,"href":"https:\/\/www.radioluna.it\/news\/wp-json\/wp\/v2\/comments?post=370123"}],"version-history":[{"count":1,"href":"https:\/\/www.radioluna.it\/news\/wp-json\/wp\/v2\/posts\/370123\/revisions"}],"predecessor-version":[{"id":370125,"href":"https:\/\/www.radioluna.it\/news\/wp-json\/wp\/v2\/posts\/370123\/revisions\/370125"}],"wp:featuredmedia":[{"embeddable":true,"href":"https:\/\/www.radioluna.it\/news\/wp-json\/wp\/v2\/media\/370124"}],"wp:attachment":[{"href":"https:\/\/www.radioluna.it\/news\/wp-json\/wp\/v2\/media?parent=370123"}],"wp:term":[{"taxonomy":"category","embeddable":true,"href":"https:\/\/www.radioluna.it\/news\/wp-json\/wp\/v2\/categories?post=370123"},{"taxonomy":"post_tag","embeddable":true,"href":"https:\/\/www.radioluna.it\/news\/wp-json\/wp\/v2\/tags?post=370123"}],"curies":[{"name":"wp","href":"https:\/\/api.w.org\/{rel}","templated":true}]}}