{"id":370184,"date":"2025-02-22T11:05:59","date_gmt":"2025-02-22T10:05:59","guid":{"rendered":"https:\/\/www.radioluna.it\/news\/?p=370184"},"modified":"2025-02-22T11:05:59","modified_gmt":"2025-02-22T10:05:59","slug":"cisterna-fara-rinascere-lantico-giardino-di-fiori-da-bulbo-voluto-dai-caetani-nel-1600","status":"publish","type":"post","link":"https:\/\/www.radioluna.it\/news\/2025\/02\/cisterna-fara-rinascere-lantico-giardino-di-fiori-da-bulbo-voluto-dai-caetani-nel-1600\/","title":{"rendered":"Cisterna far\u00e0 rinascere l&#8217;antico giardino di fiori da bulbo voluto dai Caetani nel 1600"},"content":{"rendered":"<div id=\"fb-root\"><\/div>\n<p style=\"text-align: justify;\"><strong>CISTERNA DI LATINA &#8211;\u00a0 <\/strong>A Cisterna nascer\u00e0 un giardino a tema sul modello di quello realizzato dal Duca Francesco Caetani nel 1625. Lo ha deciso la Giunta che ha dato mandato al settore Urbanistica e lavori pubblici di individuare la collocazione pi\u00f9 adatta.<\/p>\n<p style=\"text-align: justify;\">Il progetto si inserisce nella pi\u00f9 ampia visione di riqualificazione del centro storico e del miglioramento della qualit\u00e0 ambientale e del territorio, cos\u00ec come previsto dal Documento unico di programmazione e nello specifico dal capitolo &#8220;Una citt\u00e0 verde per un futuro migliore&#8221;. I cosiddetti &#8220;giardini di fiori &#8221; vennero impiantati a Cisterna nei pressi di Palazzo Caetani nel 1625 dal Duca Francesco IV e divennero ben presto famosi per la loro ricchezza e la loro bellezza.<\/p>\n<p style=\"text-align: justify;\">&#8220;La singolarit\u00e0 di questo tipo di giardino\u00a0 &#8211; si legge in\u00a0 una nota del Comune di Cisterna &#8211; \u00e8 data dalla\u00a0 \u00a0presenza di fiori da bulbo provenienti dall&#8217;Egitto, dalle Indie, dalla Cina e dal Giappone: anemoni, tulipani, narcisi e iris avevano all&#8217;epoca un valore pari a quello delle pietre preziose. I rarissimi bulbi, o cipolle, secondo la terminologia dell&#8217;epoca, furono piantati\u00a0 su un&#8217;area quadrata e distribuiti secondo una precisa alternanza di colori,\u00a0 in quattro quadranti, con uno stupefacente effetto cromatico. Questa splendida scenografia all&#8217;aperto era arricchita da un &#8220;viridis porticus&#8221;, ossia un variopinto pergolato, che donava ombra e frescura nelle giornate estive&#8221;.<img loading=\"lazy\" decoding=\"async\" class=\"wp-image-370196 alignright\" src=\"https:\/\/www.radioluna.it\/news\/wp-content\/uploads\/2025\/02\/iris.jpg\" alt=\"\" width=\"211\" height=\"211\" srcset=\"https:\/\/www.radioluna.it\/news\/wp-content\/uploads\/2025\/02\/iris.jpg 700w, https:\/\/www.radioluna.it\/news\/wp-content\/uploads\/2025\/02\/iris-80x80.jpg 80w\" sizes=\"auto, (max-width: 211px) 100vw, 211px\" \/><\/p>\n<p style=\"text-align: justify;\">\u00abRiprodurre un giardino di fior\u00ec nel centro cittadino \u2013 spiega il sindaco Valentino Mantini \u2013 non \u00e8 soltanto una maniera per migliorare la qualit\u00e0 del decoro urbano ma anche per onorare la grande tradizione di rispetto e cura dell&#8217;ambiente caratteristica della famiglia Caetani che a Cisterna ha lasciato un enorme patrimonio\u00bb.<\/p>\n<p style=\"text-align: justify;\">L&#8217;intervento si inserisce nel quadro di una serie di progetti di rigenerazione urbana in corso di realizzazione tra i quali quello che prevede sulla piazza principale della citt\u00e0, Piazza XIX Marzo, la riqualificazione dei giardini ottocenteschi con al centro la fontana Biondi.<\/p>\n<p style=\"text-align: justify;\">\u00abQuesto progetto \u2013 sottolinea Mascia Cicchitti, delegata per i Beni comuni e Amministrazione condivisa \u2013 rientra perfettamente nell&#8217;azione che l&#8217;amministrazione sta portando avanti per riqualificare e valorizzare il centro cittadino e ci consente di riprodurre un giardino di grande bellezza e suggestione che proprio a Cisterna ha visto la luce, recuperando l&#8217;antica tradizione che l\u2019ha reso famosa\u00a0 in tutta Europa per il collezionismo floreale; tanto che il famoso botanico Ferrari, nella sua opera &#8220;De Florum cultura&#8221;, testo del 1638, li descrive con dovizia di particolari, dedicando agli Horti Cisterniani un posto di rilievo, dopo aver descritto i giardini di Costantinopoli, Toledo e Parigi\u00bb.<\/p>\n<p style=\"text-align: justify;\">\n<div class=\"radio-posizionamento-telefono-in-articoli-dopo-il-contenuto-articolo radio-entity-placement\" id=\"radio-282744866\"><div id=\"radio-3609856515\"><a href=\"https:\/\/grupporedi.it\/\" aria-label=\"Redi-Qr\"><img loading=\"lazy\" decoding=\"async\" src=\"https:\/\/www.radioluna.it\/news\/wp-content\/uploads\/2026\/03\/Redi-Qr.jpg\" alt=\"\"  srcset=\"https:\/\/www.radioluna.it\/news\/wp-content\/uploads\/2026\/03\/Redi-Qr.jpg 800w, https:\/\/www.radioluna.it\/news\/wp-content\/uploads\/2026\/03\/Redi-Qr-768x639.jpg 768w\" sizes=\"(max-width: 800px) 100vw, 800px\" width=\"300\" height=\"250\"   \/><\/a><\/div><\/div>","protected":false},"excerpt":{"rendered":"<p>CISTERNA DI LATINA &#8211;\u00a0 A Cisterna nascer\u00e0 un giardino a tema sul modello di quello realizzato dal Duca Francesco Caetani nel 1625. Lo ha deciso la Giunta che ha dato mandato al settore Urbanistica e lavori pubblici di individuare la collocazione pi\u00f9 adatta. Il progetto si inserisce nella pi\u00f9 ampia visione di riqualificazione del centro [&hellip;]<\/p>\n","protected":false},"author":62,"featured_media":370195,"comment_status":"open","ping_status":"open","sticky":false,"template":"","format":"standard","meta":{"footnotes":""},"categories":[735,7],"tags":[],"class_list":["post-370184","post","type-post","status-publish","format-standard","has-post-thumbnail","hentry","category-attualita","category-cronaca"],"_links":{"self":[{"href":"https:\/\/www.radioluna.it\/news\/wp-json\/wp\/v2\/posts\/370184","targetHints":{"allow":["GET"]}}],"collection":[{"href":"https:\/\/www.radioluna.it\/news\/wp-json\/wp\/v2\/posts"}],"about":[{"href":"https:\/\/www.radioluna.it\/news\/wp-json\/wp\/v2\/types\/post"}],"author":[{"embeddable":true,"href":"https:\/\/www.radioluna.it\/news\/wp-json\/wp\/v2\/users\/62"}],"replies":[{"embeddable":true,"href":"https:\/\/www.radioluna.it\/news\/wp-json\/wp\/v2\/comments?post=370184"}],"version-history":[{"count":1,"href":"https:\/\/www.radioluna.it\/news\/wp-json\/wp\/v2\/posts\/370184\/revisions"}],"predecessor-version":[{"id":370198,"href":"https:\/\/www.radioluna.it\/news\/wp-json\/wp\/v2\/posts\/370184\/revisions\/370198"}],"wp:featuredmedia":[{"embeddable":true,"href":"https:\/\/www.radioluna.it\/news\/wp-json\/wp\/v2\/media\/370195"}],"wp:attachment":[{"href":"https:\/\/www.radioluna.it\/news\/wp-json\/wp\/v2\/media?parent=370184"}],"wp:term":[{"taxonomy":"category","embeddable":true,"href":"https:\/\/www.radioluna.it\/news\/wp-json\/wp\/v2\/categories?post=370184"},{"taxonomy":"post_tag","embeddable":true,"href":"https:\/\/www.radioluna.it\/news\/wp-json\/wp\/v2\/tags?post=370184"}],"curies":[{"name":"wp","href":"https:\/\/api.w.org\/{rel}","templated":true}]}}