{"id":370285,"date":"2025-02-24T08:30:08","date_gmt":"2025-02-24T07:30:08","guid":{"rendered":"https:\/\/www.radioluna.it\/news\/?p=370285"},"modified":"2025-02-24T08:30:08","modified_gmt":"2025-02-24T07:30:08","slug":"bullismo-e-cyberbullismo-incontro-al-mattei","status":"publish","type":"post","link":"https:\/\/www.radioluna.it\/news\/2025\/02\/bullismo-e-cyberbullismo-incontro-al-mattei\/","title":{"rendered":"Bullismo e Cyberbullismo, incontro al Mattei"},"content":{"rendered":"<div id=\"fb-root\"><\/div>\n<p style=\"text-align: justify;\"><strong>LATINA\u00a0 &#8211; <\/strong>L\u2019Istituto S. Benedetto &#8211; Einaudi &#8211; Mattei, con il patrocinio della Provincia di Latina e del Comune di Latina, organizza un incontro dedicato alla sensibilizzazione sui temi del bullismo e del cyberbullismo, che si terr\u00e0 il 25 febbraio 2025, a partire dalle ore 9:00, presso l\u2019Aula Magna della sede Mattei. L\u2019evento, organizzato in collaborazione con \u201cAssipromos\u201d, \u00e8 rivolto in particolare alle classi seconde dell&#8217;Istituto, con l\u2019obiettivo\u00a0 &#8211; si legge in una nota della scuola &#8211; di sensibilizzare i giovani su tematiche fondamentali per la costruzione di una societ\u00e0 pi\u00f9 rispettosa e inclusiva. Il focus dell&#8217;incontro sar\u00e0 la promozione di una cultura del rispetto e dell&#8217;inclusione, con un deciso impegno nel contrasto di ogni forma di discriminazione e violenza. Attraverso testimonianze, interventi e dibattiti, si intende fornire agli studenti gli strumenti necessari per riconoscere e affrontare situazioni di disagio, bullismo e violenza, sia fisica che psicologica.<br \/>\nTra i relatori saranno presenti la Dott.ssa Gabriella Marano, psicologa forense e criminologa di fama nazionale, l&#8217;Avv. Nicodemo Gentile, penalista esperto in processi legati alla violenza di genere, e Lisa Perillo, presidente dell\u2019associazione \u201cIo sono Enea\u201d. I relatori condivideranno la loro esperienza professionale e umana, offrendo una panoramica approfondita sulle dinamiche della violenza, sulle sue diverse forme e conseguenze, nonch\u00e9 sugli strumenti di prevenzione e contrasto.<br \/>\nGli ospiti istituzionali che interverranno a sostenere questo primo appuntamento per il contrasto al disagio giovanile saranno: l\u2019Assessora all\u2019Istruzione e politiche educative Francesca Tesone, la Consigliera Maria Grazia Ciolfi, il Consigliere Nicola Catani, Presidente della Commissione servizi sociali del Comune di Latina, la Dott.ssa Monica Sansoni, Garante per l\u2019infanzia e l\u2019adolescenza della Regione Lazio e la Dott.ssa Lisa Iovanna, primo dirigente della Polizia di Stato, Divisione Anticrimine della Questura di Latina.<br \/>\n\u201cQuesto incontro\u00a0 &#8211; sottolinea il dirigente scolastico Ugo Vitti &#8211; rappresenta un\u2019opportunit\u00e0 concreta per educare e sensibilizzare i nostri studenti, in particolare quelli delle classi seconde, su temi fondamentali per la costruzione di una cultura del rispetto. La nostra scuola \u00e8 da sempre impegnata nella formazione dei giovani, non solo sotto l\u2019aspetto didattico, ma anche come cittadini<br \/>\nconsapevoli. Siamo orgogliosi di ospitare questo evento, che testimonia il nostro impegno verso una societ\u00e0 pi\u00f9 giusta e inclusiva. Ringrazio la Provincia di Latina, il Comune di Latina e \u201cAssipromos\u201d per aver reso possibile questo incontro e per il loro prezioso supporto.\u201d<\/p>\n<p style=\"text-align: justify;\">L\u2019incontro si inserisce all\u2019interno di un ampio percorso educativo che mira a rafforzare nei giovani la consapevolezza dei diritti umani, del rispetto delle diversit\u00e0 e delle dinamiche sociali, in un ambiente scolastico che promuove la sicurezza, l\u2019inclusione e il benessere di tutti &#8211; concludono dall&#8217;istituto &#8211;\u00a0 L\u2019obiettivo \u00e8 quello di formare cittadini consapevoli, capaci di riconoscere e contrastare qualsiasi forma di violenza e discriminazione, contribuendo attivamente alla costruzione di una societ\u00e0 pi\u00f9 giusta e solidale<\/p>\n","protected":false},"excerpt":{"rendered":"<p>LATINA\u00a0 &#8211; L\u2019Istituto S. Benedetto &#8211; Einaudi &#8211; Mattei, con il patrocinio della Provincia di Latina e del Comune di Latina, organizza un incontro dedicato alla sensibilizzazione sui temi del bullismo e del cyberbullismo, che si terr\u00e0 il 25 febbraio 2025, a partire dalle ore 9:00, presso l\u2019Aula Magna della sede Mattei. L\u2019evento, organizzato in [&hellip;]<\/p>\n","protected":false},"author":60,"featured_media":363453,"comment_status":"open","ping_status":"open","sticky":false,"template":"","format":"standard","meta":{"footnotes":""},"categories":[734,248],"tags":[],"class_list":["post-370285","post","type-post","status-publish","format-standard","has-post-thumbnail","hentry","category-evidenza","category-istruzione"],"_links":{"self":[{"href":"https:\/\/www.radioluna.it\/news\/wp-json\/wp\/v2\/posts\/370285","targetHints":{"allow":["GET"]}}],"collection":[{"href":"https:\/\/www.radioluna.it\/news\/wp-json\/wp\/v2\/posts"}],"about":[{"href":"https:\/\/www.radioluna.it\/news\/wp-json\/wp\/v2\/types\/post"}],"author":[{"embeddable":true,"href":"https:\/\/www.radioluna.it\/news\/wp-json\/wp\/v2\/users\/60"}],"replies":[{"embeddable":true,"href":"https:\/\/www.radioluna.it\/news\/wp-json\/wp\/v2\/comments?post=370285"}],"version-history":[{"count":1,"href":"https:\/\/www.radioluna.it\/news\/wp-json\/wp\/v2\/posts\/370285\/revisions"}],"predecessor-version":[{"id":370286,"href":"https:\/\/www.radioluna.it\/news\/wp-json\/wp\/v2\/posts\/370285\/revisions\/370286"}],"wp:featuredmedia":[{"embeddable":true,"href":"https:\/\/www.radioluna.it\/news\/wp-json\/wp\/v2\/media\/363453"}],"wp:attachment":[{"href":"https:\/\/www.radioluna.it\/news\/wp-json\/wp\/v2\/media?parent=370285"}],"wp:term":[{"taxonomy":"category","embeddable":true,"href":"https:\/\/www.radioluna.it\/news\/wp-json\/wp\/v2\/categories?post=370285"},{"taxonomy":"post_tag","embeddable":true,"href":"https:\/\/www.radioluna.it\/news\/wp-json\/wp\/v2\/tags?post=370285"}],"curies":[{"name":"wp","href":"https:\/\/api.w.org\/{rel}","templated":true}]}}