{"id":371986,"date":"2025-03-17T15:32:59","date_gmt":"2025-03-17T14:32:59","guid":{"rendered":"https:\/\/www.radioluna.it\/news\/?p=371986"},"modified":"2025-03-17T15:32:59","modified_gmt":"2025-03-17T14:32:59","slug":"sermoneta-festa-dei-fauni-e-processione-il-18-e-19-marzo","status":"publish","type":"post","link":"https:\/\/www.radioluna.it\/news\/2025\/03\/sermoneta-festa-dei-fauni-e-processione-il-18-e-19-marzo\/","title":{"rendered":"Sermoneta, Festa dei Fauni e processione il 18 e 19 marzo"},"content":{"rendered":"<div id=\"fb-root\"><\/div>\n<p style=\"text-align: justify;\">Sermoneta torna a festeggiare il Santo Patrono con un programma di iniziative nel segno della tradizione il 18 e 19 marzo.<\/p>\n<p style=\"text-align: justify;\">Marted\u00ec 18 marzo torna la Festa dei Fauni in collaborazione con la Pro Loco di Sermoneta. A partire dalle 19.30 al parco di Campo Vecchio ci sar\u00e0 l\u2019esibizione degli sbandieratori Ducato Caetani, l\u2019accensione dei \u201cfauni\u201d &#8211; i fal\u00f2 propiziatori che annunciano l\u2019arrivo imminente della primavera &#8211; e la distribuzione di panini e dolci tipici.<\/p>\n<p style=\"text-align: justify;\">Mercoled\u00ec 19 marzo sar\u00e0 inaugurata alle 15.30 a palazzo Caetani la mostra fotografica \u201cPer le strade di Sermoneta nel 1967\u201d, a cura del fotografo romano Sebastiano Porretta che ha riscoperto gli scatti di quasi 60 anni fa in un vecchio album di negativi, restaurati e sviluppati. A seguire la processione di San Giuseppe in collaborazione con la Parrocchia Santa Maria Assunta: alle 16.45 verr\u00e0 portata in processione la statua del Patrono dalla cattedrale di Santa Maria alla chiesa di San Giuseppe, dove si terr\u00e0 la messa. Al termine, rientro in cattedrale. La cerimonia sar\u00e0 accompagnata dalla Banda musicale Fabrizio Caroso di Sermoneta diretta dal M\u00b0 Michele Secci. Gli uffici comunali saranno chiusi al pubblico. \u00abCittadini, turisti e visitatori saranno i benvenuti\u00bb, dice il Presidente del Consiglio delegato alla cultura Pierluigi Torelli, invitando tutti a partecipare.<\/p>\n","protected":false},"excerpt":{"rendered":"<p>Sermoneta torna a festeggiare il Santo Patrono con un programma di iniziative nel segno della tradizione il 18 e 19 marzo. Marted\u00ec 18 marzo torna la Festa dei Fauni in collaborazione con la Pro Loco di Sermoneta. A partire dalle 19.30 al parco di Campo Vecchio ci sar\u00e0 l\u2019esibizione degli sbandieratori Ducato Caetani, l\u2019accensione dei [&hellip;]<\/p>\n","protected":false},"author":5443,"featured_media":371987,"comment_status":"open","ping_status":"open","sticky":false,"template":"","format":"standard","meta":{"footnotes":""},"categories":[16],"tags":[],"class_list":["post-371986","post","type-post","status-publish","format-standard","has-post-thumbnail","hentry","category-appuntamenti"],"_links":{"self":[{"href":"https:\/\/www.radioluna.it\/news\/wp-json\/wp\/v2\/posts\/371986","targetHints":{"allow":["GET"]}}],"collection":[{"href":"https:\/\/www.radioluna.it\/news\/wp-json\/wp\/v2\/posts"}],"about":[{"href":"https:\/\/www.radioluna.it\/news\/wp-json\/wp\/v2\/types\/post"}],"author":[{"embeddable":true,"href":"https:\/\/www.radioluna.it\/news\/wp-json\/wp\/v2\/users\/5443"}],"replies":[{"embeddable":true,"href":"https:\/\/www.radioluna.it\/news\/wp-json\/wp\/v2\/comments?post=371986"}],"version-history":[{"count":1,"href":"https:\/\/www.radioluna.it\/news\/wp-json\/wp\/v2\/posts\/371986\/revisions"}],"predecessor-version":[{"id":371988,"href":"https:\/\/www.radioluna.it\/news\/wp-json\/wp\/v2\/posts\/371986\/revisions\/371988"}],"wp:featuredmedia":[{"embeddable":true,"href":"https:\/\/www.radioluna.it\/news\/wp-json\/wp\/v2\/media\/371987"}],"wp:attachment":[{"href":"https:\/\/www.radioluna.it\/news\/wp-json\/wp\/v2\/media?parent=371986"}],"wp:term":[{"taxonomy":"category","embeddable":true,"href":"https:\/\/www.radioluna.it\/news\/wp-json\/wp\/v2\/categories?post=371986"},{"taxonomy":"post_tag","embeddable":true,"href":"https:\/\/www.radioluna.it\/news\/wp-json\/wp\/v2\/tags?post=371986"}],"curies":[{"name":"wp","href":"https:\/\/api.w.org\/{rel}","templated":true}]}}