{"id":371990,"date":"2025-03-17T16:34:40","date_gmt":"2025-03-17T15:34:40","guid":{"rendered":"https:\/\/www.radioluna.it\/news\/?p=371990"},"modified":"2025-03-17T16:34:40","modified_gmt":"2025-03-17T15:34:40","slug":"concorso-internazionale-di-fotografia-workshop-di-franco-fontana-a-latina","status":"publish","type":"post","link":"https:\/\/www.radioluna.it\/news\/2025\/03\/concorso-internazionale-di-fotografia-workshop-di-franco-fontana-a-latina\/","title":{"rendered":"Concorso Internazionale di Fotografia, workshop di Franco Fontana a Latina"},"content":{"rendered":"<div id=\"fb-root\"><\/div>\n<p style=\"text-align: justify;\">\n<p style=\"text-align: justify;\">Franco Fontana, uno dei pi\u00f9 importanti fotografi contemporanei per il contributo innovativo conferito alla fotografia creativa del Novecento, torna a Latina quale ospite del Concorso Internazionale di Fotografia promosso da Latina Mater Ets, Fondazione Roma e Comune di Latina.<\/p>\n<p style=\"text-align: justify;\">Gi\u00e0 ospite nel 2024 con la prima nazionale della mostra \u201cInvisibile\u201d, tratta dall\u2019omonimo volume editoriale del quale ha esposto un estratto, Franco Fontana parteciper\u00e0 alla terza edizione del Concorso con una nuova veste del workshop \u201cFotografia creativa\u201d, che offrir\u00e0 ai partecipanti un\u2019importante opportunit\u00e0 per esplorare il tema del paesaggio urbano, perfezionando la propria pratica fotografica e misurandosi con l\u2019esperienza dell\u2019artista.<\/p>\n<p style=\"text-align: justify;\">Il workshop di Fontana, tra gli appuntamenti di punta degli eventi collaterali del Concorso, sar\u00e0 l\u2019occasione, per fotografi professionisti e chiunque ami la fotografia, di testimoniare la propria sensibilit\u00e0 fatta di invenzione, emozione, pensiero, fantasia, versatilit\u00e0, un pensiero avventuroso che fa a pezzi le regole, perch\u00e9 la fotografia creativa non deve riprodurre il visibile ma rendere visibile il suo \u201cinvisibile\u201d, leitmotiv che caratterizza la decennale ricerca dell\u2019artista che ha fatto del paesaggio uno dei suoi temi privilegiati, concentrandosi in modo particolare sulla sua dimensione ideale. Attraverso una serie di esercitazioni mirate ad approfondire i diversi aspetti che concorrono alla creazione dell\u2019immagine fotografica &#8211; la percezione del colore, il controllo delle geometrie, il peso degli elementi nella struttura compositiva &#8211; ciascun partecipante sar\u00e0 chiamato ad esplorare il rapporto tra fotografia e realt\u00e0 per trovare la propria particolare strada.<\/p>\n<p style=\"text-align: justify;\">L\u2019appuntamento \u00e8 per venerd\u00ec 23, sabato 24 e domenica 25 maggio presso il Museo civico Duilio Cambellotti di Latina. I posti sono solo 12. Per avere informazioni e per prenotarsi: <a href=\"mailto:info@concorsointernazionalefotografia.it\">info@concorsointernazionalefotografia.it<\/a><\/p>\n<p style=\"text-align: justify;\">Per chi desidera partecipare al Concorso, \u00e8 possibile candidare le proprie fotografie fino al prossimo 3 aprile. La Giuria avr\u00e0 il compito di selezionare la fotografia vincitrice assoluta a cui sar\u00e0 assegnato un premio di 10.000 euro. Saranno anche conferite tre Menzioni speciali per Miglior luce, Miglior composizione e Miglior significato, ognuna delle quali ricever\u00e0 un premio di 2.500 euro. Inoltre, il pubblico avr\u00e0 l\u2019opportunit\u00e0 di esprimere il proprio voto: l\u2019autore dell\u2019opera pi\u00f9 votata sul canale Facebook @cinfotolatina ricever\u00e0 la Menzione speciale Premio del pubblico.<\/p>\n<p style=\"text-align: justify;\">Per consultare il Regolamento: <a href=\"https:\/\/www.concorsointernazionalefotografia.it\/the-competition-2025\/regolamento-rules-2025\/\">https:\/\/www.concorsointernazionalefotografia.it\/the-competition-2025\/regolamento-rules-2025\/<\/a><\/p>\n","protected":false},"excerpt":{"rendered":"<p>Franco Fontana, uno dei pi\u00f9 importanti fotografi contemporanei per il contributo innovativo conferito alla fotografia creativa del Novecento, torna a Latina quale ospite del Concorso Internazionale di Fotografia promosso da Latina Mater Ets, Fondazione Roma e Comune di Latina. Gi\u00e0 ospite nel 2024 con la prima nazionale della mostra \u201cInvisibile\u201d, tratta dall\u2019omonimo volume editoriale del [&hellip;]<\/p>\n","protected":false},"author":5443,"featured_media":371991,"comment_status":"open","ping_status":"open","sticky":false,"template":"","format":"standard","meta":{"footnotes":""},"categories":[16],"tags":[],"class_list":["post-371990","post","type-post","status-publish","format-standard","has-post-thumbnail","hentry","category-appuntamenti"],"_links":{"self":[{"href":"https:\/\/www.radioluna.it\/news\/wp-json\/wp\/v2\/posts\/371990","targetHints":{"allow":["GET"]}}],"collection":[{"href":"https:\/\/www.radioluna.it\/news\/wp-json\/wp\/v2\/posts"}],"about":[{"href":"https:\/\/www.radioluna.it\/news\/wp-json\/wp\/v2\/types\/post"}],"author":[{"embeddable":true,"href":"https:\/\/www.radioluna.it\/news\/wp-json\/wp\/v2\/users\/5443"}],"replies":[{"embeddable":true,"href":"https:\/\/www.radioluna.it\/news\/wp-json\/wp\/v2\/comments?post=371990"}],"version-history":[{"count":1,"href":"https:\/\/www.radioluna.it\/news\/wp-json\/wp\/v2\/posts\/371990\/revisions"}],"predecessor-version":[{"id":371992,"href":"https:\/\/www.radioluna.it\/news\/wp-json\/wp\/v2\/posts\/371990\/revisions\/371992"}],"wp:featuredmedia":[{"embeddable":true,"href":"https:\/\/www.radioluna.it\/news\/wp-json\/wp\/v2\/media\/371991"}],"wp:attachment":[{"href":"https:\/\/www.radioluna.it\/news\/wp-json\/wp\/v2\/media?parent=371990"}],"wp:term":[{"taxonomy":"category","embeddable":true,"href":"https:\/\/www.radioluna.it\/news\/wp-json\/wp\/v2\/categories?post=371990"},{"taxonomy":"post_tag","embeddable":true,"href":"https:\/\/www.radioluna.it\/news\/wp-json\/wp\/v2\/tags?post=371990"}],"curies":[{"name":"wp","href":"https:\/\/api.w.org\/{rel}","templated":true}]}}