{"id":371993,"date":"2025-03-17T17:26:55","date_gmt":"2025-03-17T16:26:55","guid":{"rendered":"https:\/\/www.radioluna.it\/news\/?p=371993"},"modified":"2025-03-17T17:26:55","modified_gmt":"2025-03-17T16:26:55","slug":"latina-scalo-ultimati-i-lavori-di-efficientamento-energetivo-in-18-alloggi-comunali","status":"publish","type":"post","link":"https:\/\/www.radioluna.it\/news\/2025\/03\/latina-scalo-ultimati-i-lavori-di-efficientamento-energetivo-in-18-alloggi-comunali\/","title":{"rendered":"Latina Scalo, ultimati i lavori di efficientamento energetivo in 18 alloggi comunali"},"content":{"rendered":"<div id=\"fb-root\"><\/div>\n<p style=\"text-align: justify;\">\n<span>Sopralluogo di fine lavori, questa mattina, presso l\u2019immobile di via Epicuro, a Latina Scalo, dove sono stati effettuati interventi di efficientamento energetico in 18 alloggi di edilizia residenziale pubblica di propriet\u00e0 comunale. Presenti il sindaco Matilde Celentano, l\u2019assessore all\u2019Urbanistica Annalisa Muzio, l\u2019assessore ai Servizi sociali Michele Nasso e i consiglieri Fausto Furlanetto e Giuseppe Coluzzi.<\/span><\/p>\n<p><span>&#8220;Questo intervento \u2013 afferma il sindaco Matilde Celentano &#8211; non solo migliora la qualit\u00e0 della vita per i residenti, ma rappresenta anche un passo concreto verso la sostenibilit\u00e0 e l\u2019efficienza energetica che ci impegniamo a promuovere su tutto il territorio. I lavori in via Epicuro sono un esempio di come il nostro Comune stia lavorando per rendere i quartieri pi\u00f9 moderni, pi\u00f9 verdi e pi\u00f9 vivibili. Con il sostegno di finanziamenti europei, stiamo rendendo il nostro patrimonio edilizio pi\u00f9 efficiente, riducendo l&#8217;impatto ambientale e migliorando il comfort abitativo. Latina Scalo, grazie a questo intervento, diventa un modello di innovazione&#8221;.<\/span><\/p>\n<p><span>\u201cAbbiamo verificato \u2013 aggiunge l\u2019assessore Annalisa Muzio \u2013 la conclusione dei lavori in via Epicuro, dove grazie al finanziamento europeo di 670mila euro al quale il Comune di Latina ha avuto accesso tramite un bando regionale \u00e8 stato dato un nuovo volto all\u2019edilizia residenziale pubblica. Sono stati effettuati interventi di efficientamento energetico, nonch\u00e9 la riqualificazione della viabilit\u00e0 di accesso, il tutto nell\u2019ambito del PNRR, fondo complementare. Il sopralluogo effettuato insieme al Sindaco, all\u2019assessore Nasso e ai consiglieri \u00e8 stata l\u2019occasione per prendere visione degli interventi eseguiti e degli obiettivi raggiunti in termini di sostenibilit\u00e0 ed efficienza energetica. Ringrazio, per quanto fatto fino ad ora, il dirigente Paolo Cestra e l\u2019architetto Sabina Campione\u201d.<\/span><\/p>\n","protected":false},"excerpt":{"rendered":"<p>Sopralluogo di fine lavori, questa mattina, presso l\u2019immobile di via Epicuro, a Latina Scalo, dove sono stati effettuati interventi di efficientamento energetico in 18 alloggi di edilizia residenziale pubblica di propriet\u00e0 comunale. Presenti il sindaco Matilde Celentano, l\u2019assessore all\u2019Urbanistica Annalisa Muzio, l\u2019assessore ai Servizi sociali Michele Nasso e i consiglieri Fausto Furlanetto e Giuseppe Coluzzi. [&hellip;]<\/p>\n","protected":false},"author":5443,"featured_media":371994,"comment_status":"open","ping_status":"open","sticky":false,"template":"","format":"standard","meta":{"footnotes":""},"categories":[7],"tags":[],"class_list":["post-371993","post","type-post","status-publish","format-standard","has-post-thumbnail","hentry","category-cronaca"],"_links":{"self":[{"href":"https:\/\/www.radioluna.it\/news\/wp-json\/wp\/v2\/posts\/371993","targetHints":{"allow":["GET"]}}],"collection":[{"href":"https:\/\/www.radioluna.it\/news\/wp-json\/wp\/v2\/posts"}],"about":[{"href":"https:\/\/www.radioluna.it\/news\/wp-json\/wp\/v2\/types\/post"}],"author":[{"embeddable":true,"href":"https:\/\/www.radioluna.it\/news\/wp-json\/wp\/v2\/users\/5443"}],"replies":[{"embeddable":true,"href":"https:\/\/www.radioluna.it\/news\/wp-json\/wp\/v2\/comments?post=371993"}],"version-history":[{"count":1,"href":"https:\/\/www.radioluna.it\/news\/wp-json\/wp\/v2\/posts\/371993\/revisions"}],"predecessor-version":[{"id":371995,"href":"https:\/\/www.radioluna.it\/news\/wp-json\/wp\/v2\/posts\/371993\/revisions\/371995"}],"wp:featuredmedia":[{"embeddable":true,"href":"https:\/\/www.radioluna.it\/news\/wp-json\/wp\/v2\/media\/371994"}],"wp:attachment":[{"href":"https:\/\/www.radioluna.it\/news\/wp-json\/wp\/v2\/media?parent=371993"}],"wp:term":[{"taxonomy":"category","embeddable":true,"href":"https:\/\/www.radioluna.it\/news\/wp-json\/wp\/v2\/categories?post=371993"},{"taxonomy":"post_tag","embeddable":true,"href":"https:\/\/www.radioluna.it\/news\/wp-json\/wp\/v2\/tags?post=371993"}],"curies":[{"name":"wp","href":"https:\/\/api.w.org\/{rel}","templated":true}]}}