{"id":372674,"date":"2025-03-26T11:08:47","date_gmt":"2025-03-26T10:08:47","guid":{"rendered":"https:\/\/www.radioluna.it\/news\/?p=372674"},"modified":"2025-03-26T11:08:47","modified_gmt":"2025-03-26T10:08:47","slug":"morto-in-campo-di-concentramento-il-comune-di-latina-approva-la-mozione-per-commemorare-filippo-faustinelli","status":"publish","type":"post","link":"https:\/\/www.radioluna.it\/news\/2025\/03\/morto-in-campo-di-concentramento-il-comune-di-latina-approva-la-mozione-per-commemorare-filippo-faustinelli\/","title":{"rendered":"Morto in campo di concentramento, il Comune di Latina approva la mozione per commemorare Filippo Faustinelli"},"content":{"rendered":"<div id=\"fb-root\"><\/div>\n<p style=\"text-align: justify;\"><strong>LATINA<\/strong> &#8211;\u00a0 Il Consiglio comunale di Latina ha approvato\u00a0 all\u2019unanimit\u00e0 nell&#8217;ultima seduta la mozione presentata dal Partito Democratico per commemorare Filippo Faustinelli, operaio originario di Sezze e residente a Littoria, morto nel campo di concentramento nazista di Neuengamme il 3 dicembre 1944.<\/p>\n<p style=\"text-align: justify;\">La sua vicenda, a lungo rimasta nell\u2019ombra, \u00e8 emblematica di un intero capitolo rimosso della nostra storia: quello dei lavoratori italiani inviati in Germania durante il fascismo, trasformati dopo l\u20198 settembre 1943 in manodopera schiavizzata dal regime nazista, grazie agli accordi tra Italia e Germania &#8211; ricorda la capogruppo Dem Valeria Campagna &#8211;\u00a0Il 3 dicembre scorso, una pietra d\u2019inciampo \u00e8 stata posata ad Amburgo in memoria di Faustinelli, su iniziativa di diverse realt\u00e0 e associazioni, tra cui la redazione tuttostpauli.com, alla presenza di autorit\u00e0 politiche locali e nazionali tedesche. Alla cerimonia in Germania ha partecipato in collegamento anche Valeria Campagna, capogruppo del Partito Democratico in Consiglio Comunale.<\/p>\n<p style=\"text-align: justify;\">\u00abCon questa mozione \u2013 ha dichiarato Campagna \u2013 non rendiamo omaggio solo a una vittima del nazifascismo, ma riaffermiamo il valore della memoria come strumento di consapevolezza e responsabilit\u00e0 collettiva. Raccontare storie come quella di Faustinelli significa riconoscere che anche da Latina e dalla nostra provincia sono partiti uomini e donne stritolati dai meccanismi della guerra e dello sterminio. Oggi li riportiamo a casa\u00bb.<\/p>\n<p style=\"text-align: justify;\">La mozione prevede l\u2019installazione di una targa commemorativa in citt\u00e0, come segno permanente di memoria e di impegno civile con l\u2019auspicio che venga realizzata davvero e che non rimanga lettera morta.<\/p>\n<p style=\"text-align: justify;\"><strong>IL RICHIAMO<\/strong> &#8211; \u00abPurtroppo sono tante, e diverse, le iniziative votate all\u2019unanimit\u00e0 in Consiglio Comunale ma a cui non \u00e8 stato dato seguito. Tra queste l\u2019intitolazione del Teatro Moderno a Don Armando Alessandrini e la pietra di inciampo per Gina Piazza. Altre invece, considerate pi\u00f9 controverse dall\u2019attuale maggioranza, come la richiesta di celebrare il 25 maggio come Giornata della Liberazione di Littoria, sono invece ferme in commissione da quasi un anno in attesa di riesame e formulazione.<br \/>\nTutte iniziative che si inseriscono nel percorso condiviso de L\u2019Altra Storia di Latina: un cammino di verit\u00e0, giustizia e memoria che deve essere valorizzato in vista del Centenario della citt\u00e0\u00bb conclude Campagna.<\/p>\n","protected":false},"excerpt":{"rendered":"<p>LATINA &#8211;\u00a0 Il Consiglio comunale di Latina ha approvato\u00a0 all\u2019unanimit\u00e0 nell&#8217;ultima seduta la mozione presentata dal Partito Democratico per commemorare Filippo Faustinelli, operaio originario di Sezze e residente a Littoria, morto nel campo di concentramento nazista di Neuengamme il 3 dicembre 1944. La sua vicenda, a lungo rimasta nell\u2019ombra, \u00e8 emblematica di un intero capitolo [&hellip;]<\/p>\n","protected":false},"author":60,"featured_media":372675,"comment_status":"open","ping_status":"open","sticky":false,"template":"","format":"standard","meta":{"footnotes":""},"categories":[8],"tags":[],"class_list":["post-372674","post","type-post","status-publish","format-standard","has-post-thumbnail","hentry","category-politica"],"_links":{"self":[{"href":"https:\/\/www.radioluna.it\/news\/wp-json\/wp\/v2\/posts\/372674","targetHints":{"allow":["GET"]}}],"collection":[{"href":"https:\/\/www.radioluna.it\/news\/wp-json\/wp\/v2\/posts"}],"about":[{"href":"https:\/\/www.radioluna.it\/news\/wp-json\/wp\/v2\/types\/post"}],"author":[{"embeddable":true,"href":"https:\/\/www.radioluna.it\/news\/wp-json\/wp\/v2\/users\/60"}],"replies":[{"embeddable":true,"href":"https:\/\/www.radioluna.it\/news\/wp-json\/wp\/v2\/comments?post=372674"}],"version-history":[{"count":1,"href":"https:\/\/www.radioluna.it\/news\/wp-json\/wp\/v2\/posts\/372674\/revisions"}],"predecessor-version":[{"id":372676,"href":"https:\/\/www.radioluna.it\/news\/wp-json\/wp\/v2\/posts\/372674\/revisions\/372676"}],"wp:featuredmedia":[{"embeddable":true,"href":"https:\/\/www.radioluna.it\/news\/wp-json\/wp\/v2\/media\/372675"}],"wp:attachment":[{"href":"https:\/\/www.radioluna.it\/news\/wp-json\/wp\/v2\/media?parent=372674"}],"wp:term":[{"taxonomy":"category","embeddable":true,"href":"https:\/\/www.radioluna.it\/news\/wp-json\/wp\/v2\/categories?post=372674"},{"taxonomy":"post_tag","embeddable":true,"href":"https:\/\/www.radioluna.it\/news\/wp-json\/wp\/v2\/tags?post=372674"}],"curies":[{"name":"wp","href":"https:\/\/api.w.org\/{rel}","templated":true}]}}