{"id":372880,"date":"2025-03-28T19:58:29","date_gmt":"2025-03-28T18:58:29","guid":{"rendered":"https:\/\/www.radioluna.it\/news\/?p=372880"},"modified":"2025-03-28T19:58:29","modified_gmt":"2025-03-28T18:58:29","slug":"il-generale-di-corpo-darmata-aldo-iacobelli-in-visita-al-comando-provinciale-carabinieri-di-latina","status":"publish","type":"post","link":"https:\/\/www.radioluna.it\/news\/2025\/03\/il-generale-di-corpo-darmata-aldo-iacobelli-in-visita-al-comando-provinciale-carabinieri-di-latina\/","title":{"rendered":"Il Generale di Corpo d&#8217;Armata Aldo Iacobelli in visita al Comando Provinciale Carabinieri di Latina"},"content":{"rendered":"<div id=\"fb-root\"><\/div>\n<p style=\"text-align: justify;\"><strong>LATINA<\/strong> &#8211; Questa mattina il Generale di Corpo d&#8217;Armata Aldo Iacobelli, Comandante Interregionale &#8220;Podgora&#8221;, si \u00e8 recato in visita al Comando Provinciale Carabinieri di Latina. Ricevuto dal Comandante Provinciale, Colonello Christian Angelillo, ha incontrato una rappresentanza di ufficiali, sottufficiali e Carabinieri della sede e delle Compagnie di Latina (LT), Terracina (LT), Formia e del Reparto Territoriale di Aprilia .<br \/>\nNella circostanza, il Generale Iacobelli ha espresso profonda soddisfazione e sincera gratitudine per l\u2019impegno, la dedizione, il coraggio e l\u2019elevata professionalit\u00e0 con cui i Carabinieri operano nella provincia di Latina. Ha sottolineato come il loro lavoro, svolto con passione, sia fondamentale per la tutela dei beni, dei valori e degli interessi collettivi che incidono direttamente sulla qualit\u00e0 della vita dei cittadini.<br \/>\nIl Generale ha inoltre evidenziato l\u2019importanza di questo contributo in una fase storica segnata da uno scenario internazionale complesso e da rischi interni ed esterni sempre pi\u00f9 articolati, che impongono nuove e impegnative responsabilit\u00e0: \u201cNoi siamo chiamati ad assicurare la pacifica convivenza civile, a tutelare l\u2019esercizio dei diritti dei cittadini e a garantire la difesa del Paese. Il nostro compito va ben oltre la sicurezza: richiede umanit\u00e0 nel tratto con i cittadini, capacit\u00e0 di ascolto e sensibilit\u00e0. Vorrei ringraziarvi per l\u2019impegno e per la dedizione con cui accompagnate ogni attivit\u00e0 svolta. Dobbiamo sempre coltivare questo spirito, perch\u00e9 nella coesione della nostra compagine militare si riflette la continuit\u00e0 ideale del nostro essere Carabinieri, e solo attraverso l\u2019unit\u00e0 possiamo rivolgere lo sguardo al futuro, pronti ad affrontare con lucidit\u00e0 e coraggio le sfide che ci attendono. Vi rivolgo il mio apprezzamento per il modo in cui incarnate i valori dell\u2019Arma, per l\u2019impegno, la determinazione e il coraggio che dimostrate ogni giorno\u201d.<br \/>\nAl termine della visita presso il Comando Provinciale dei Carabinieri di Latina, il Generale Iacobelli si \u00e8 recato presso la Prefettura per una visita istituzionale al Prefetto di Latina, Dott.ssa Vittoria Ciaramella. A seguire, ha proseguito presso la Procura della Repubblica di Latina, dove ha incontrato il Procuratore della Repubblica facente funzioni, Dott.ssa Luigia Spinelli.<br \/>\nA conclusione della giornata, il Generale Iacobelli ha fatto visita al Reparto Territoriale dei Carabinieri di Aprilia (LT), dove, accolto dal Comandante Tenente Colonnello Paolo Guida, si \u00e8 congratulato con i militari per la costante e incisiva attivit\u00e0 di controllo del territorio e per l\u2019impegno nel contrasto al crimine e a tutte le attivit\u00e0 subdole e pervicaci che minacciano la societ\u00e0 e i cittadini.<\/p>\n","protected":false},"excerpt":{"rendered":"<p>LATINA &#8211; Questa mattina il Generale di Corpo d&#8217;Armata Aldo Iacobelli, Comandante Interregionale &#8220;Podgora&#8221;, si \u00e8 recato in visita al Comando Provinciale Carabinieri di Latina. Ricevuto dal Comandante Provinciale, Colonello Christian Angelillo, ha incontrato una rappresentanza di ufficiali, sottufficiali e Carabinieri della sede e delle Compagnie di Latina (LT), Terracina (LT), Formia e del Reparto [&hellip;]<\/p>\n","protected":false},"author":60,"featured_media":372881,"comment_status":"open","ping_status":"open","sticky":false,"template":"","format":"standard","meta":{"footnotes":""},"categories":[16,734],"tags":[],"class_list":["post-372880","post","type-post","status-publish","format-standard","has-post-thumbnail","hentry","category-appuntamenti","category-evidenza"],"_links":{"self":[{"href":"https:\/\/www.radioluna.it\/news\/wp-json\/wp\/v2\/posts\/372880","targetHints":{"allow":["GET"]}}],"collection":[{"href":"https:\/\/www.radioluna.it\/news\/wp-json\/wp\/v2\/posts"}],"about":[{"href":"https:\/\/www.radioluna.it\/news\/wp-json\/wp\/v2\/types\/post"}],"author":[{"embeddable":true,"href":"https:\/\/www.radioluna.it\/news\/wp-json\/wp\/v2\/users\/60"}],"replies":[{"embeddable":true,"href":"https:\/\/www.radioluna.it\/news\/wp-json\/wp\/v2\/comments?post=372880"}],"version-history":[{"count":1,"href":"https:\/\/www.radioluna.it\/news\/wp-json\/wp\/v2\/posts\/372880\/revisions"}],"predecessor-version":[{"id":372882,"href":"https:\/\/www.radioluna.it\/news\/wp-json\/wp\/v2\/posts\/372880\/revisions\/372882"}],"wp:featuredmedia":[{"embeddable":true,"href":"https:\/\/www.radioluna.it\/news\/wp-json\/wp\/v2\/media\/372881"}],"wp:attachment":[{"href":"https:\/\/www.radioluna.it\/news\/wp-json\/wp\/v2\/media?parent=372880"}],"wp:term":[{"taxonomy":"category","embeddable":true,"href":"https:\/\/www.radioluna.it\/news\/wp-json\/wp\/v2\/categories?post=372880"},{"taxonomy":"post_tag","embeddable":true,"href":"https:\/\/www.radioluna.it\/news\/wp-json\/wp\/v2\/tags?post=372880"}],"curies":[{"name":"wp","href":"https:\/\/api.w.org\/{rel}","templated":true}]}}