{"id":373651,"date":"2025-04-07T10:54:29","date_gmt":"2025-04-07T08:54:29","guid":{"rendered":"https:\/\/www.radioluna.it\/news\/?p=373651"},"modified":"2025-04-08T14:07:07","modified_gmt":"2025-04-08T12:07:07","slug":"latina-dopo-nuovo-sequestro-del-centro-commerciale-di-via-del-lido-la-proprieta-annuncia-ricorso","status":"publish","type":"post","link":"https:\/\/www.radioluna.it\/news\/2025\/04\/latina-dopo-nuovo-sequestro-del-centro-commerciale-di-via-del-lido-la-proprieta-annuncia-ricorso\/","title":{"rendered":"Latina, dopo nuovo sequestro del centro commerciale di Via del Lido, la propriet\u00e0 annuncia ricorso"},"content":{"rendered":"<div id=\"fb-root\"><\/div>\n<p style=\"text-align: justify;\"><strong>LATINA &#8211; <\/strong>E&#8217; partito il conto alla rovescia per la chiusura del centro commerciale di via del Lido a Latina, dove sono stati nuovamente apposti i sigilli sabato. \u00a0Stavolta il sequestro notificato dai carabinieri Forestali alla propriet\u00e0 \u00e8 a fini di confisca e la Procura della Repubblica di Latina ha dato sette giorni di tempo &#8211;\u00a0 da oggi cinque\u00a0 &#8211;\u00a0 per smaltire le scorte alimentari e chiudere i negozi.<\/p>\n<p style=\"text-align: justify;\">Annuncia ricorso contro l\u2019ordinanza \u00a0emessa dalla giudice del Tribunale di Latina Mara Mattioli, la Latina Green Building societ\u00e0 che ha realizzato la struttura in cui operano tre diverse attivit\u00e0 commerciali. Proprio questa \u00e8 una delle accuse: aver spacchettato le superfici per aggirare la normativa prevista per i centri commerciali. L\u2019altro problema \u00e8 quello dei passi carrabili, ovvero le entrate e uscite dall\u2019area parcheggio, e la vicinanza alla Pontina. L&#8217;ipotesi di reato \u00e8 lottizzazione abusiva.<\/p>\n<div class=\"radio-posizionamento-telefono-in-articoli-dopo-il-contenuto-articolo radio-entity-placement\" id=\"radio-3106440964\"><div id=\"radio-1210851343\"><a href=\"https:\/\/www.simeoneceramiche.com\/\" aria-label=\"SIMEONE CERAMICHE GIF animata per radioluna_Tavola disegno 1 copia 2 (online-video-cutter.com)\"><img loading=\"lazy\" decoding=\"async\" src=\"https:\/\/www.radioluna.it\/news\/wp-content\/uploads\/2025\/05\/SIMEONE-CERAMICHE-GIF-animata-per-radioluna_Tavola-disegno-1-copia-2-online-video-cutter.com_.gif\" alt=\"\"  width=\"300\" height=\"250\"   \/><\/a><\/div><\/div>","protected":false},"excerpt":{"rendered":"<p>LATINA &#8211; E&#8217; partito il conto alla rovescia per la chiusura del centro commerciale di via del Lido a Latina, dove sono stati nuovamente apposti i sigilli sabato. \u00a0Stavolta il sequestro notificato dai carabinieri Forestali alla propriet\u00e0 \u00e8 a fini di confisca e la Procura della Repubblica di Latina ha dato sette giorni di tempo [&hellip;]<\/p>\n","protected":false},"author":62,"featured_media":349759,"comment_status":"open","ping_status":"open","sticky":false,"template":"","format":"standard","meta":{"footnotes":""},"categories":[7,2428],"tags":[],"class_list":["post-373651","post","type-post","status-publish","format-standard","has-post-thumbnail","hentry","category-cronaca","category-primo-piano"],"_links":{"self":[{"href":"https:\/\/www.radioluna.it\/news\/wp-json\/wp\/v2\/posts\/373651","targetHints":{"allow":["GET"]}}],"collection":[{"href":"https:\/\/www.radioluna.it\/news\/wp-json\/wp\/v2\/posts"}],"about":[{"href":"https:\/\/www.radioluna.it\/news\/wp-json\/wp\/v2\/types\/post"}],"author":[{"embeddable":true,"href":"https:\/\/www.radioluna.it\/news\/wp-json\/wp\/v2\/users\/62"}],"replies":[{"embeddable":true,"href":"https:\/\/www.radioluna.it\/news\/wp-json\/wp\/v2\/comments?post=373651"}],"version-history":[{"count":1,"href":"https:\/\/www.radioluna.it\/news\/wp-json\/wp\/v2\/posts\/373651\/revisions"}],"predecessor-version":[{"id":373652,"href":"https:\/\/www.radioluna.it\/news\/wp-json\/wp\/v2\/posts\/373651\/revisions\/373652"}],"wp:featuredmedia":[{"embeddable":true,"href":"https:\/\/www.radioluna.it\/news\/wp-json\/wp\/v2\/media\/349759"}],"wp:attachment":[{"href":"https:\/\/www.radioluna.it\/news\/wp-json\/wp\/v2\/media?parent=373651"}],"wp:term":[{"taxonomy":"category","embeddable":true,"href":"https:\/\/www.radioluna.it\/news\/wp-json\/wp\/v2\/categories?post=373651"},{"taxonomy":"post_tag","embeddable":true,"href":"https:\/\/www.radioluna.it\/news\/wp-json\/wp\/v2\/tags?post=373651"}],"curies":[{"name":"wp","href":"https:\/\/api.w.org\/{rel}","templated":true}]}}