{"id":373785,"date":"2025-04-08T18:31:02","date_gmt":"2025-04-08T16:31:02","guid":{"rendered":"https:\/\/www.radioluna.it\/news\/?p=373785"},"modified":"2025-04-08T18:32:56","modified_gmt":"2025-04-08T16:32:56","slug":"nove-giovani-talenti-provenienti-da-universita-del-lazio-finalisti-al-premio-dedalo-e-icaro-2025","status":"publish","type":"post","link":"https:\/\/www.radioluna.it\/news\/2025\/04\/nove-giovani-talenti-provenienti-da-universita-del-lazio-finalisti-al-premio-dedalo-e-icaro-2025\/","title":{"rendered":"Nove giovani talenti provenienti da Universit\u00e0 del Lazio finalisti al Premio Dedalo e Icaro 2025"},"content":{"rendered":"<div id=\"fb-root\"><\/div>\n<p style=\"text-align: justify;\"><strong>LATINA<\/strong> &#8211; Sono stati selezionati i nove giovani talenti provenienti da Universit\u00e0 del Lazio che saranno i finalisti del Premio Dedalo e Icaro 2025. Le loro tesi sono emerse per qualit\u00e0 e originalit\u00e0 tra i numerosi lavori inviati dagli Atenei della regione.<\/p>\n<p style=\"text-align: justify;\">Il Premio Dedalo e Icaro valorizza i lavori che affrontano con creativit\u00e0 e competenza le sfide contemporanee in ambiti quali l\u2019innovazione tecnologica, la progettazione urbana e la sostenibilit\u00e0. \u00c8 destinato a laureati e laureandi under 28, nati, residenti o domiciliati nei comuni della Regione Lazio, o che abbiano conseguito la laurea presso atenei della stessa regione. Promosso dalla Fondazione Lestra, con Ance Latina, il Consorzio Stabile Sviluppo Sostenibile e in collaborazione con la Casa Editrice Lab DFG, il Premio mira a creare un ponte tra il mondo accademico e le realt\u00e0 professionali, valorizzando le idee innovative dei giovani.<\/p>\n<p style=\"text-align: justify;\">\u201cIl confronto con le nuove generazioni \u2013 afferma Pierantonio Palluzzi, presidente di Ance Latina \u2013 \u00e8 un esercizio necessario per chi, come noi, opera nel mondo produttivo. Le tesi finaliste del Premio Dedalo e Icaro sorprendono per qualit\u00e0, visione e capacit\u00e0 di leggere il presente con sguardo lucido e innovativo. \u00c8 fondamentale aprire spazi di dialogo tra universit\u00e0 e impresa, riconoscere il merito e far emergere idee capaci di orientare il cambiamento. La cerimonia finale sar\u00e0 l\u2019occasione per dare voce a queste idee e celebrarne il valore.\u201d<\/p>\n<p style=\"text-align: justify;\">Una giuria di esperti, presieduta dal giornalista Simone Spetia, conduttore di\u00a024 Mattino\u00a0su Radio 24 \u2013 Il Sole 24 Ore, ha selezionato i nove finalisti che si sono distinti per originalit\u00e0, rilevanza e qualit\u00e0 della ricerca.<\/p>\n<p style=\"text-align: justify;\">Per l\u2019area\u00a0Progettazione architettonica e pianificazione territoriale\u00a0sono stati selezionati: Leonardo Gianicolo\u00a0(Roma),\u00a0Jessica\u00a0 Pernal (Latina),\u00a0Laura\u00a0Valtorta\u00a0(Roma).<\/p>\n<p style=\"text-align: justify;\">Per la sezione dedicata all\u2019Innovazione tecnologica: Matteo Fusco (Roma),\u00a0Riccardo Gobbato (Udine),\u00a0Roberta Maucieri (Catenanuova, Enna).<\/p>\n<p style=\"text-align: justify;\">Infine, per l\u2019ambito\u00a0Green economy e trasformazione sostenibile: Erika Lori\u00a0(Monterotondo),\u00a0Karen Dayane\u00a0Sarabia Bustamante (Roma),\u00a0Sofia Scatragli (Roma).<\/p>\n<p style=\"text-align: justify;\">La cerimonia di premiazione si terr\u00e0 gioved\u00ec 10 aprile alle ore 18.30, presso l\u2019ex Garage Ruspi di Latina, luogo simbolico di rigenerazione urbana e cornice ideale per celebrare la creativit\u00e0 dei giovani.<\/p>\n<p style=\"text-align: justify;\">Nel corso dell\u2019evento saranno annunciati i tre vincitori, uno per ciascuna delle categorie tematiche del Premio Dedalo e Icaro. Tra questi, uno ricever\u00e0 un ulteriore riconoscimento: la pubblicazione della tesi da parte della casa editrice Lab DFG, quale valorizzazione dell\u2019eccellenza del lavoro svolto.<\/p>\n<p style=\"text-align: justify;\">Durante la cerimonia verr\u00e0 inoltre conferito il\u00a0Premio Dedalo, un riconoscimento alla carriera destinato a chi, con il proprio percorso, si \u00e8 distinto come esempio virtuoso e fonte d\u2019ispirazione per le nuove generazioni, contribuendo in modo significativo alla crescita, all\u2019innovazione e alla cultura del lavoro.<\/p>\n","protected":false},"excerpt":{"rendered":"<p>LATINA &#8211; Sono stati selezionati i nove giovani talenti provenienti da Universit\u00e0 del Lazio che saranno i finalisti del Premio Dedalo e Icaro 2025. Le loro tesi sono emerse per qualit\u00e0 e originalit\u00e0 tra i numerosi lavori inviati dagli Atenei della regione. Il Premio Dedalo e Icaro valorizza i lavori che affrontano con creativit\u00e0 e [&hellip;]<\/p>\n","protected":false},"author":60,"featured_media":373786,"comment_status":"open","ping_status":"open","sticky":false,"template":"","format":"standard","meta":{"footnotes":""},"categories":[734,248],"tags":[],"class_list":["post-373785","post","type-post","status-publish","format-standard","has-post-thumbnail","hentry","category-evidenza","category-istruzione"],"_links":{"self":[{"href":"https:\/\/www.radioluna.it\/news\/wp-json\/wp\/v2\/posts\/373785","targetHints":{"allow":["GET"]}}],"collection":[{"href":"https:\/\/www.radioluna.it\/news\/wp-json\/wp\/v2\/posts"}],"about":[{"href":"https:\/\/www.radioluna.it\/news\/wp-json\/wp\/v2\/types\/post"}],"author":[{"embeddable":true,"href":"https:\/\/www.radioluna.it\/news\/wp-json\/wp\/v2\/users\/60"}],"replies":[{"embeddable":true,"href":"https:\/\/www.radioluna.it\/news\/wp-json\/wp\/v2\/comments?post=373785"}],"version-history":[{"count":2,"href":"https:\/\/www.radioluna.it\/news\/wp-json\/wp\/v2\/posts\/373785\/revisions"}],"predecessor-version":[{"id":373788,"href":"https:\/\/www.radioluna.it\/news\/wp-json\/wp\/v2\/posts\/373785\/revisions\/373788"}],"wp:featuredmedia":[{"embeddable":true,"href":"https:\/\/www.radioluna.it\/news\/wp-json\/wp\/v2\/media\/373786"}],"wp:attachment":[{"href":"https:\/\/www.radioluna.it\/news\/wp-json\/wp\/v2\/media?parent=373785"}],"wp:term":[{"taxonomy":"category","embeddable":true,"href":"https:\/\/www.radioluna.it\/news\/wp-json\/wp\/v2\/categories?post=373785"},{"taxonomy":"post_tag","embeddable":true,"href":"https:\/\/www.radioluna.it\/news\/wp-json\/wp\/v2\/tags?post=373785"}],"curies":[{"name":"wp","href":"https:\/\/api.w.org\/{rel}","templated":true}]}}