{"id":374055,"date":"2025-04-11T14:17:50","date_gmt":"2025-04-11T12:17:50","guid":{"rendered":"https:\/\/www.radioluna.it\/news\/?p=374055"},"modified":"2025-04-14T07:14:16","modified_gmt":"2025-04-14T05:14:16","slug":"postazioni-di-salvamento-di-cocco-risponde-allopposizione","status":"publish","type":"post","link":"https:\/\/www.radioluna.it\/news\/2025\/04\/postazioni-di-salvamento-di-cocco-risponde-allopposizione\/","title":{"rendered":"Postazioni di salvamento, Di Cocco risponde all&#8217;opposizione"},"content":{"rendered":"<div id=\"fb-root\"><\/div>\n<p style=\"text-align: justify;\"><strong>LATINA<\/strong> &#8211; &#8220;La ricostruzione fornita dalla minoranza riguardo al bando per i servizi di salvamento balneare \u00e8 una palese distorsione dei fatti&#8221;. Lo dichiara l&#8217;assessore alla Marina, Gianluca Di Cocco, intervenuto ieri nella seduta della commissione Trasparenza presieduta dalla consigliera Floriana Coletta. &#8220;\u00c8 assolutamente surreale \u2013 prosegue \u2013 leggere dichiarazioni secondo cui sarebbe solo grazie all&#8217;intervento dei consiglieri che verranno apportate modifiche alle postazioni, quando invece la disposizione di tali postazioni avverr\u00e0 a seguito dell\u2019aggiudicazione del bando, che non \u00e8 stato ancora pubblicato. Le ubicazioni precise saranno frutto di un confronto tecnico, gi\u00e0 avviato, con la Capitaneria di Porto e la Polizia Locale&#8221;. All&#8217;origine del botta e risposta la sproporzione tra le postazioni previste sul lato A della Marina e quelle sul lato B.<\/p>\n<p style=\"text-align: justify;\">&#8220;Accogliendo le osservazioni costruttive dei consiglieri e con il consenso della Capitaneria di Porto, stiamo valutando di inserire due delle postazioni di salvamento nel lato \u2018B\u2019 del lungomare, quindi nel tratto compreso tra Capoportiere e Rio Martino, in un\u2019area da definire successivamente all&#8217;aggiudicazione. Questa operazione permetter\u00e0 una copertura ancora pi\u00f9 capillare della zona, integrandosi perfettamente con le postazioni mobili e il battello nautico. \u00c8 quindi chiaro: non c&#8217;\u00e8 alcun dietrofront rispetto a un bando che \u00e8 ancora in fase di definizione&#8221;, aggiunge Di Cocco.<\/p>\n<p style=\"text-align: justify;\">Per quanto riguarda il tema dei costi, l&#8217;assessore chiarisce fortemente: &#8220;Durante la commissione Trasparenza ho avuto l&#8217;opportunit\u00e0 di spiegare, assieme al dirigente e al funzionario dell&#8217;ufficio Demanio, in dettaglio perch\u00e9 i costi risultano superiori rispetto agli anni precedenti. Innanzitutto, il servizio sar\u00e0 esteso su un periodo pi\u00f9 lungo e, in secondo luogo, che tale affidamento deve assolutamente rispondere ai criteri dettati sui contratti collettivi per gli operatori qualificati al salvamento. Con l\u2019accordo quadro per il triennio 2025-2027, l&#8217;amministrazione dimostra concretamente il proprio impegno per la sicurezza delle spiagge libere di Latina, contribuendo a creare un ambiente turistico sicuro, accogliente e di alta qualit\u00e0. L\u2019amministrazione si sta impegnando per il bene della comunit\u00e0, mentre la minoranza sembra pi\u00f9 interessata a gettare discredito sul nostro operato piuttosto che a contribuire in modo costruttivo&#8221;.<\/p>\n","protected":false},"excerpt":{"rendered":"<p>LATINA &#8211; &#8220;La ricostruzione fornita dalla minoranza riguardo al bando per i servizi di salvamento balneare \u00e8 una palese distorsione dei fatti&#8221;. Lo dichiara l&#8217;assessore alla Marina, Gianluca Di Cocco, intervenuto ieri nella seduta della commissione Trasparenza presieduta dalla consigliera Floriana Coletta. &#8220;\u00c8 assolutamente surreale \u2013 prosegue \u2013 leggere dichiarazioni secondo cui sarebbe solo grazie [&hellip;]<\/p>\n","protected":false},"author":60,"featured_media":290736,"comment_status":"open","ping_status":"open","sticky":false,"template":"","format":"standard","meta":{"footnotes":""},"categories":[8],"tags":[],"class_list":["post-374055","post","type-post","status-publish","format-standard","has-post-thumbnail","hentry","category-politica"],"_links":{"self":[{"href":"https:\/\/www.radioluna.it\/news\/wp-json\/wp\/v2\/posts\/374055","targetHints":{"allow":["GET"]}}],"collection":[{"href":"https:\/\/www.radioluna.it\/news\/wp-json\/wp\/v2\/posts"}],"about":[{"href":"https:\/\/www.radioluna.it\/news\/wp-json\/wp\/v2\/types\/post"}],"author":[{"embeddable":true,"href":"https:\/\/www.radioluna.it\/news\/wp-json\/wp\/v2\/users\/60"}],"replies":[{"embeddable":true,"href":"https:\/\/www.radioluna.it\/news\/wp-json\/wp\/v2\/comments?post=374055"}],"version-history":[{"count":1,"href":"https:\/\/www.radioluna.it\/news\/wp-json\/wp\/v2\/posts\/374055\/revisions"}],"predecessor-version":[{"id":374065,"href":"https:\/\/www.radioluna.it\/news\/wp-json\/wp\/v2\/posts\/374055\/revisions\/374065"}],"wp:featuredmedia":[{"embeddable":true,"href":"https:\/\/www.radioluna.it\/news\/wp-json\/wp\/v2\/media\/290736"}],"wp:attachment":[{"href":"https:\/\/www.radioluna.it\/news\/wp-json\/wp\/v2\/media?parent=374055"}],"wp:term":[{"taxonomy":"category","embeddable":true,"href":"https:\/\/www.radioluna.it\/news\/wp-json\/wp\/v2\/categories?post=374055"},{"taxonomy":"post_tag","embeddable":true,"href":"https:\/\/www.radioluna.it\/news\/wp-json\/wp\/v2\/tags?post=374055"}],"curies":[{"name":"wp","href":"https:\/\/api.w.org\/{rel}","templated":true}]}}