{"id":374471,"date":"2025-04-16T12:36:14","date_gmt":"2025-04-16T10:36:14","guid":{"rendered":"https:\/\/www.radioluna.it\/news\/?p=374471"},"modified":"2025-04-16T12:36:14","modified_gmt":"2025-04-16T10:36:14","slug":"nucleare-latina-torna-papabile-artizzu-sogin-mette-a-disposizione-i-vecchi-siti","status":"publish","type":"post","link":"https:\/\/www.radioluna.it\/news\/2025\/04\/nucleare-latina-torna-papabile-artizzu-sogin-mette-a-disposizione-i-vecchi-siti\/","title":{"rendered":"Nucleare, Latina torna papabile. Artizzu: &#8220;Sogin mette a disposizione i vecchi siti&#8221;"},"content":{"rendered":"<div id=\"fb-root\"><\/div>\n<p style=\"text-align: justify;\"><strong>LATINA &#8211;<\/strong>\u00a0Torna a far discutere la questione \u201cnucleare\u201d a Latina. Luned\u00ec, a Milano, nel corso di un evento organizzato dalla Lega, dal titolo \u201cIl nucleare sostenibile: l\u2019Italia riparte\u201d, l\u2019amministratore delegato della Sogin, Gian Luca Artizzu, ha rilasciato alcune\u00a0 dichiarazioni che sono arrivate dritte anche a Latina.<\/p>\n<p style=\"text-align: justify;\">\u201cPer un ritorno al Nucleare, oltre alle sue competenze, Sogin mette a disposizione i siti delle vecchie centrali che stiamo smantellando. Noi smantelliamo gli impianti, non i siti. Questi sono stati progettati e manutenuti come siti per ospitare una centrale nucleare e sono la naturale destinazione per un futuro nuovo impianto\u201d, ha dichiarato Artizzu. Tra queste, naturalmente, figurerebbe anche la centrale nucleare di Borgo Sabotino. Di conseguenza, non si sono fatte attendere le prime risposte contrariate alle parole del dirigente Sogin.<\/p>\n<p style=\"text-align: justify;\">Europa Verde, attraverso un comunicato, si \u00e8 interrogata sui costi e l\u2019impatto ambientale che avrebbe la riattivazione della centrale, in un territorio che, oltre all\u2019attivit\u00e0 di quest\u2019ultima, ha subito per anni la presenza della discarica di Borgo Montello. \u201cPrima di pensare a costruire una nuova centrale\u201d dice Europa Verde, \u201cl\u2019amministratore delegato della Sogin dovrebbe chiarirci a che punto \u00e8 il decommissioning, e quando e se l\u2019area sar\u00e0 completamente decontaminata\u201d. Inoltre, per Europa Verde la questione \u00e8 chiara: \u201cla via pi\u00f9 veloce ed economica per raggiungere gli obiettivi di riduzione dei gas serra, e l\u2019indipendenza energetica nel nostro paese, \u00e8 quella dell\u2019efficienza, del risparmio energetico e delle energie rinnovabile. Come calcolato dall\u2019Agenzia Internazionale per l\u2019Energia, il costo di generazione dell\u2019elettricit\u00e0, considerando i costi complessivi degli impianti, \u00e8 di 170 dollari al Kwh (kilowattora) per il nucleare e 50 dollari al Kwh per il solare fotovoltaico\u201d.<\/p>\n<p style=\"text-align: justify;\">Infine, non \u00e8 mancato l\u2019appello alle istituzioni: \u201cchiediamo ai rappresentanti della filiera di governo della destra se nel futuro i cittadini di Latina dovranno farsi carico di questa ulteriore servit\u00f9\u201d, cos\u00ec come non sono mancati i dubbi sulla progettazione di un nuovo avvio del nucleare a Latina, tra costi e tempi di costruzione ancora indefiniti.<\/p>\n<p style=\"text-align: justify;\">Anche Valeria Campagna, capogruppo del Partito Democratico in Consiglio comunale a Latina, commenta le dichiarazioni dell\u2019amministratore delegato di Sogin: \u00abSiamo fermamente contrari a questa ipotesi. Abbiamo appreso con preoccupazione le dichiarazioni dell\u2019amministratore delegato di Sogin \u2013 prosegue Campagna \u2013. Dietro parole rassicuranti e tecnicismi si cela una proposta che mette nuovamente a rischio il nostro territorio. Abbiamo il sole, il mare, il vento: risorse straordinarie che possono garantire energia pulita, sicura e sostenibile. Le tecnologie rinnovabili sono ormai mature e, negli ultimi vent\u2019anni, hanno abbattuto i costi di venti volte. Investire l\u00ec \u00e8 la scelta pi\u00f9 giusta, economica ed ecologica. Eppure, questo governo continua a ostacolare quella strada: un governo che si mostra ogni giorno pi\u00f9 ostile alla transizione ecologica. Pensare di affrontare la crisi climatica rilanciando il nucleare \u00e8 miope e anacronistico. Latina ha bisogno di investimenti in innovazione, tutela ambientale e sviluppo sostenibile, non di diventare il capro espiatorio di una strategia energetica sbagliata. Questa non \u00e8 una battaglia ideologica. \u00c8 una battaglia di giustizia ambientale, di responsabilit\u00e0 verso Latina e verso il pianeta. Latina non pu\u00f2 e non deve tornare indietro\u00bb.<\/p>\n<p>A giugno del 2024, il Consiglio comunale di Latina aveva approvato una mozione presentata dalla capogruppo del M5S Maria Grazia Ciolfi per dire no al ritorno del nucleare a Latina.<\/p>\n","protected":false},"excerpt":{"rendered":"<p>LATINA &#8211;\u00a0Torna a far discutere la questione \u201cnucleare\u201d a Latina. Luned\u00ec, a Milano, nel corso di un evento organizzato dalla Lega, dal titolo \u201cIl nucleare sostenibile: l\u2019Italia riparte\u201d, l\u2019amministratore delegato della Sogin, Gian Luca Artizzu, ha rilasciato alcune\u00a0 dichiarazioni che sono arrivate dritte anche a Latina. \u201cPer un ritorno al Nucleare, oltre alle sue competenze, [&hellip;]<\/p>\n","protected":false},"author":60,"featured_media":364076,"comment_status":"open","ping_status":"open","sticky":false,"template":"","format":"standard","meta":{"footnotes":""},"categories":[735,7],"tags":[],"class_list":["post-374471","post","type-post","status-publish","format-standard","has-post-thumbnail","hentry","category-attualita","category-cronaca"],"_links":{"self":[{"href":"https:\/\/www.radioluna.it\/news\/wp-json\/wp\/v2\/posts\/374471","targetHints":{"allow":["GET"]}}],"collection":[{"href":"https:\/\/www.radioluna.it\/news\/wp-json\/wp\/v2\/posts"}],"about":[{"href":"https:\/\/www.radioluna.it\/news\/wp-json\/wp\/v2\/types\/post"}],"author":[{"embeddable":true,"href":"https:\/\/www.radioluna.it\/news\/wp-json\/wp\/v2\/users\/60"}],"replies":[{"embeddable":true,"href":"https:\/\/www.radioluna.it\/news\/wp-json\/wp\/v2\/comments?post=374471"}],"version-history":[{"count":1,"href":"https:\/\/www.radioluna.it\/news\/wp-json\/wp\/v2\/posts\/374471\/revisions"}],"predecessor-version":[{"id":374472,"href":"https:\/\/www.radioluna.it\/news\/wp-json\/wp\/v2\/posts\/374471\/revisions\/374472"}],"wp:featuredmedia":[{"embeddable":true,"href":"https:\/\/www.radioluna.it\/news\/wp-json\/wp\/v2\/media\/364076"}],"wp:attachment":[{"href":"https:\/\/www.radioluna.it\/news\/wp-json\/wp\/v2\/media?parent=374471"}],"wp:term":[{"taxonomy":"category","embeddable":true,"href":"https:\/\/www.radioluna.it\/news\/wp-json\/wp\/v2\/categories?post=374471"},{"taxonomy":"post_tag","embeddable":true,"href":"https:\/\/www.radioluna.it\/news\/wp-json\/wp\/v2\/tags?post=374471"}],"curies":[{"name":"wp","href":"https:\/\/api.w.org\/{rel}","templated":true}]}}