{"id":374477,"date":"2025-04-16T16:40:43","date_gmt":"2025-04-16T14:40:43","guid":{"rendered":"https:\/\/www.radioluna.it\/news\/?p=374477"},"modified":"2025-04-18T11:32:59","modified_gmt":"2025-04-18T09:32:59","slug":"latina-sopralluogo-al-cantiere-del-parco-falcone-e-borsellino","status":"publish","type":"post","link":"https:\/\/www.radioluna.it\/news\/2025\/04\/latina-sopralluogo-al-cantiere-del-parco-falcone-e-borsellino\/","title":{"rendered":"Latina, sopralluogo al cantiere del Parco Falcone e Borsellino"},"content":{"rendered":"<div id=\"fb-root\"><\/div>\n<p class=\"\" style=\"text-align: justify;\" data-start=\"205\" data-end=\"714\">Proseguono a ritmo sostenuto i lavori di riqualificazione del Parco Falcone e Borsellino, uno degli interventi pi\u00f9 significativi finanziati dal Pnrr per la citt\u00e0 di Latina. Questa mattina il sindaco Matilde Celentano ha effettuato un sopralluogo al cantiere, accompagnata dal vicesindaco e assessore ai Lavori pubblici Massimiliano Carnevale, dal presidente della commissione Lavori pubblici Fausto Furlanetto, dai capigruppo di maggioranza e opposizione, dalla dirigente Micol Ayuso e dai tecnici incaricati.<\/p>\n<p class=\"\" style=\"text-align: justify;\" data-start=\"716\" data-end=\"1063\">L\u2019intervento, del valore complessivo di 5,5 milioni di euro, punta a restituire alla cittadinanza un parco completamente rinnovato, accessibile e sostenibile. Tra le novit\u00e0 previste: nuovi percorsi pedonali e ciclabili, aree verdi, spazi attrezzati per attivit\u00e0 culturali e sportive, quattro punti ristoro e una pista di pattinaggio riqualificata.<\/p>\n<p class=\"\" style=\"text-align: justify;\" data-start=\"1065\" data-end=\"1526\">\u201cDa fuori non si percepisce ancora pienamente, ma il cantiere procede con ordine e rapidit\u00e0. Il parco sta cambiando volto e diventer\u00e0 un luogo moderno, pensato per tutta la comunit\u00e0\u201d, ha dichiarato il sindaco Celentano. Tra gli interventi gi\u00e0 in fase avanzata, la nuova pavimentazione nei viali principali e nell\u2019area giochi, dove \u00e8 stato posato un materiale anti-trauma. Le grandi giostre destinate allo spazio ludico sono attualmente in fase di installazione.<\/p>\n<p class=\"\" style=\"text-align: justify;\" data-start=\"1528\" data-end=\"1895\">Modifiche alla recinzione originaria del parco consentono ora una vista pi\u00f9 ampia sui lavori in corso, offrendo alla cittadinanza un\u2019anteprima della trasformazione in atto. \u201cLa soddisfazione condivisa oggi durante il sopralluogo \u2013 ha aggiunto Celentano \u2013 testimonia l\u2019impegno dell\u2019amministrazione nel realizzare un\u2019opera che migliorer\u00e0 la qualit\u00e0 urbana della citt\u00e0\u201d.<\/p>\n<p class=\"\" style=\"text-align: justify;\" data-start=\"1897\" data-end=\"2396\">Tra le novit\u00e0 pi\u00f9 significative anche la creazione di una \u201carea farfalle\u201d, progetto a cui la prima cittadina ha dichiarato di tenere particolarmente. Lo spazio sar\u00e0 dedicato alla tutela della biodiversit\u00e0, con la piantumazione di essenze vegetali specifiche per attrarre farfalle e altri insetti impollinatori. L\u2019iniziativa sar\u00e0 affiancata da attivit\u00e0 didattiche rivolte alle scuole, tra cui la liberazione controllata di farfalle e l\u2019installazione di rifugi per api solitarie e altri insetti utili.<\/p>\n<p class=\"\" style=\"text-align: justify;\" data-start=\"2398\" data-end=\"2607\">\u201cL\u2019area farfalle \u2013 ha concluso il sindaco \u2013 sar\u00e0 non solo un angolo suggestivo e naturale del parco, ma anche un\u2019occasione educativa per sensibilizzare le nuove generazioni sul valore degli ecosistemi urbani\u201d.<\/p>\n","protected":false},"excerpt":{"rendered":"<p>Proseguono a ritmo sostenuto i lavori di riqualificazione del Parco Falcone e Borsellino, uno degli interventi pi\u00f9 significativi finanziati dal Pnrr per la citt\u00e0 di Latina. Questa mattina il sindaco Matilde Celentano ha effettuato un sopralluogo al cantiere, accompagnata dal vicesindaco e assessore ai Lavori pubblici Massimiliano Carnevale, dal presidente della commissione Lavori pubblici Fausto [&hellip;]<\/p>\n","protected":false},"author":5443,"featured_media":374479,"comment_status":"open","ping_status":"open","sticky":false,"template":"","format":"standard","meta":{"footnotes":""},"categories":[735,8,2428],"tags":[],"class_list":["post-374477","post","type-post","status-publish","format-standard","has-post-thumbnail","hentry","category-attualita","category-politica","category-primo-piano"],"_links":{"self":[{"href":"https:\/\/www.radioluna.it\/news\/wp-json\/wp\/v2\/posts\/374477","targetHints":{"allow":["GET"]}}],"collection":[{"href":"https:\/\/www.radioluna.it\/news\/wp-json\/wp\/v2\/posts"}],"about":[{"href":"https:\/\/www.radioluna.it\/news\/wp-json\/wp\/v2\/types\/post"}],"author":[{"embeddable":true,"href":"https:\/\/www.radioluna.it\/news\/wp-json\/wp\/v2\/users\/5443"}],"replies":[{"embeddable":true,"href":"https:\/\/www.radioluna.it\/news\/wp-json\/wp\/v2\/comments?post=374477"}],"version-history":[{"count":1,"href":"https:\/\/www.radioluna.it\/news\/wp-json\/wp\/v2\/posts\/374477\/revisions"}],"predecessor-version":[{"id":374480,"href":"https:\/\/www.radioluna.it\/news\/wp-json\/wp\/v2\/posts\/374477\/revisions\/374480"}],"wp:featuredmedia":[{"embeddable":true,"href":"https:\/\/www.radioluna.it\/news\/wp-json\/wp\/v2\/media\/374479"}],"wp:attachment":[{"href":"https:\/\/www.radioluna.it\/news\/wp-json\/wp\/v2\/media?parent=374477"}],"wp:term":[{"taxonomy":"category","embeddable":true,"href":"https:\/\/www.radioluna.it\/news\/wp-json\/wp\/v2\/categories?post=374477"},{"taxonomy":"post_tag","embeddable":true,"href":"https:\/\/www.radioluna.it\/news\/wp-json\/wp\/v2\/tags?post=374477"}],"curies":[{"name":"wp","href":"https:\/\/api.w.org\/{rel}","templated":true}]}}