{"id":374506,"date":"2025-04-17T09:25:20","date_gmt":"2025-04-17T07:25:20","guid":{"rendered":"https:\/\/www.radioluna.it\/news\/?p=374506"},"modified":"2025-04-17T09:25:53","modified_gmt":"2025-04-17T07:25:53","slug":"piano-saraceno-via-libera-dalla-commissione-urbanistica","status":"publish","type":"post","link":"https:\/\/www.radioluna.it\/news\/2025\/04\/piano-saraceno-via-libera-dalla-commissione-urbanistica\/","title":{"rendered":"Piano Saraceno, via libera dalla Commissione Urbanistica"},"content":{"rendered":"<div id=\"fb-root\"><\/div>\n<p class=\"\" style=\"text-align: justify;\" data-start=\"212\" data-end=\"565\">Passo in avanti per il Piano di zona Saraceno. La Commissione Urbanistica del Comune di Latina, presieduta dal consigliere Roberto Belvisi, ha approvato la proposta di variante urbanistica che permetter\u00e0 la realizzazione di nuovi alloggi in localit\u00e0 Gionchetto. Il piano sar\u00e0 presto discusso e votato in Consiglio comunale per l\u2019approvazione definitiva.<\/p>\n<p class=\"\" style=\"text-align: justify;\" data-start=\"567\" data-end=\"923\">Grande soddisfazione \u00e8 stata espressa dall\u2019assessore all\u2019Urbanistica Annalisa Muzio, che ha ringraziato i commissari e i tecnici comunali per il lavoro svolto. \u201cL\u2019obiettivo \u2013 ha spiegato \u2013 \u00e8 rispondere alla crescente richiesta di abitazioni, attuando un piano di edilizia economica e popolare che permetta di offrire case a un numero maggiore di famiglie\u201d.<\/p>\n<p class=\"\" style=\"text-align: justify;\" data-start=\"925\" data-end=\"1314\">L\u2019area interessata, che oggi \u00e8 classificata come zona agricola, si estende per circa 37mila metri quadrati. La variante al piano regolatore consentir\u00e0 di trasformarla in una zona residenziale, con la costruzione di 104 nuovi alloggi, in grado di ospitare circa 375 persone. Oltre agli spazi abitativi, il progetto prevede anche aree verdi e parcheggi per un totale di 5mila metri quadrati.<\/p>\n<p class=\"\" style=\"text-align: justify;\" data-start=\"1316\" data-end=\"1642\">Il Piano Saraceno era fermo dal 2004. Dopo anni di attesa, nel 2024 \u00e8 stato riportato in Consiglio comunale per un primo passaggio, in cui si \u00e8 preso atto dell\u2019assenza di osservazioni da parte dei cittadini. Ora, con la proposta approvata in Commissione, il Comune si prepara a compiere il passo decisivo per avviare i lavori.<\/p>\n<p class=\"\" style=\"text-align: justify;\" data-start=\"1644\" data-end=\"2018\">\u201cQuesto piano \u2013 ha aggiunto l\u2019assessore Muzio \u2013 si inserisce in un pi\u00f9 ampio programma di edilizia pubblica portato avanti dall\u2019amministrazione, insieme ad altri progetti gi\u00e0 approvati come La Rosa, Zani e Casal dei Pini. Grazie alle modifiche al regolamento Erp, stiamo finalmente creando le condizioni per realizzare complessivamente 643 nuovi alloggi nella nostra citt\u00e0\u201d.<\/p>\n<p class=\"\" style=\"text-align: justify;\" data-start=\"2020\" data-end=\"2236\">Un risultato importante, che punta a dare risposte concrete alle esigenze abitative della popolazione e che rappresenta, secondo l\u2019assessore, \u201cun segnale tangibile del rispetto degli impegni presi dalla maggioranza\u201d.<\/p>\n","protected":false},"excerpt":{"rendered":"<p>Passo in avanti per il Piano di zona Saraceno. La Commissione Urbanistica del Comune di Latina, presieduta dal consigliere Roberto Belvisi, ha approvato la proposta di variante urbanistica che permetter\u00e0 la realizzazione di nuovi alloggi in localit\u00e0 Gionchetto. Il piano sar\u00e0 presto discusso e votato in Consiglio comunale per l\u2019approvazione definitiva. Grande soddisfazione \u00e8 stata [&hellip;]<\/p>\n","protected":false},"author":5443,"featured_media":374507,"comment_status":"open","ping_status":"open","sticky":false,"template":"","format":"standard","meta":{"footnotes":""},"categories":[735],"tags":[],"class_list":["post-374506","post","type-post","status-publish","format-standard","has-post-thumbnail","hentry","category-attualita"],"_links":{"self":[{"href":"https:\/\/www.radioluna.it\/news\/wp-json\/wp\/v2\/posts\/374506","targetHints":{"allow":["GET"]}}],"collection":[{"href":"https:\/\/www.radioluna.it\/news\/wp-json\/wp\/v2\/posts"}],"about":[{"href":"https:\/\/www.radioluna.it\/news\/wp-json\/wp\/v2\/types\/post"}],"author":[{"embeddable":true,"href":"https:\/\/www.radioluna.it\/news\/wp-json\/wp\/v2\/users\/5443"}],"replies":[{"embeddable":true,"href":"https:\/\/www.radioluna.it\/news\/wp-json\/wp\/v2\/comments?post=374506"}],"version-history":[{"count":1,"href":"https:\/\/www.radioluna.it\/news\/wp-json\/wp\/v2\/posts\/374506\/revisions"}],"predecessor-version":[{"id":374508,"href":"https:\/\/www.radioluna.it\/news\/wp-json\/wp\/v2\/posts\/374506\/revisions\/374508"}],"wp:featuredmedia":[{"embeddable":true,"href":"https:\/\/www.radioluna.it\/news\/wp-json\/wp\/v2\/media\/374507"}],"wp:attachment":[{"href":"https:\/\/www.radioluna.it\/news\/wp-json\/wp\/v2\/media?parent=374506"}],"wp:term":[{"taxonomy":"category","embeddable":true,"href":"https:\/\/www.radioluna.it\/news\/wp-json\/wp\/v2\/categories?post=374506"},{"taxonomy":"post_tag","embeddable":true,"href":"https:\/\/www.radioluna.it\/news\/wp-json\/wp\/v2\/tags?post=374506"}],"curies":[{"name":"wp","href":"https:\/\/api.w.org\/{rel}","templated":true}]}}