{"id":374711,"date":"2025-04-19T10:39:07","date_gmt":"2025-04-19T08:39:07","guid":{"rendered":"https:\/\/www.radioluna.it\/news\/?p=374711"},"modified":"2025-04-19T10:39:07","modified_gmt":"2025-04-19T08:39:07","slug":"parco-del-circeo-approvato-allunanimita-il-bilancio-2024-segnale-di-fiducia-e-coesione","status":"publish","type":"post","link":"https:\/\/www.radioluna.it\/news\/2025\/04\/parco-del-circeo-approvato-allunanimita-il-bilancio-2024-segnale-di-fiducia-e-coesione\/","title":{"rendered":"Parco del Circeo, approvato all\u2019unanimit\u00e0 il bilancio 2024: \u00abSegnale di fiducia e coesione\u00bb"},"content":{"rendered":"<div id=\"fb-root\"><\/div>\n<p style=\"text-align: justify;\">Approvato all\u2019unanimit\u00e0 il bilancio consuntivo 2024 del Parco Nazionale del Circeo, durante la riunione della Comunit\u00e0 del Parco. I lavori sono stati coordinati dal Presidente della Comunit\u00e0 del Parco e Sindaco di Sabaudia, Alberto Mosca, alla presenza dei rappresentanti dei Comuni di Latina e San Felice Circeo, rispettivamente i consiglieri delegati Faticoni e Cerasoli. L\u2019incontro ha visto inoltre la partecipazione dell\u2019Assessore al Bilancio e all\u2019Agricoltura della Regione Lazio, Giancarlo Righini, la cui presenza ha rappresentato un segnale forte di vicinanza da parte della Regione alle dinamiche del territorio e alle politiche di tutela ambientale e sviluppo sostenibile promosse dal Parco.<\/p>\n<p style=\"text-align: justify;\">Presente anche l\u2019assessore regionale al Bilancio e all\u2019Agricoltura, Giancarlo Righini, in segno di sostegno alle politiche ambientali del territorio. Nonostante le difficolt\u00e0 legate alla carenza di personale, l\u2019Ente ha portato avanti un\u2019intensa attivit\u00e0 di gestione e progettazione, gettando le basi per lo sviluppo futuro. Il documento approvato riflette solidit\u00e0 amministrativa e capacit\u00e0 di affrontare sia le criticit\u00e0 pregresse che le nuove sfide.<\/p>\n<p style=\"text-align: justify;\">\u00abEsprimo profonda soddisfazione per il lavoro che l\u2019Ente sta portando avanti \u2013 ha dichiarato il Commissario Straordinario del Parco, Emanuela Zappone \u2013 nonostante le difficolt\u00e0 oggettive, in particolare la cronica carenza di personale, che rende particolarmente impegnativo il lavoro quotidiano. Gli uffici stanno rispondendo con seriet\u00e0, visione e competenza, affrontando tanto le criticit\u00e0 pregresse quanto i nuovi percorsi di crescita del Parco.<\/p>\n<p style=\"text-align: justify;\">Ringrazio l\u2019Assessore Regionale Giancarlo Righini per la sua presenza e per l\u2019attenzione concreta e costante che la Regione Lazio continua a dimostrare verso il nostro Ente e il nostro territorio. Un ringraziamento sincero va anche al Presidente della comunit\u00e0 e sindaco di Sabaudia, Alberto Mosca e a tutti i rappresentanti della Comunit\u00e0 del Parco, con cui si \u00e8 instaurato un clima di collaborazione istituzionale proficua, costruttiva e orientata al futuro. Un doveroso ringraziamento, infine, al Collegio dei Revisori dei Conti, che sta svolgendo il proprio ruolo con spirito di collaborazione e senso di responsabilit\u00e0\u00bb.<\/p>\n","protected":false},"excerpt":{"rendered":"<p>Approvato all\u2019unanimit\u00e0 il bilancio consuntivo 2024 del Parco Nazionale del Circeo, durante la riunione della Comunit\u00e0 del Parco. I lavori sono stati coordinati dal Presidente della Comunit\u00e0 del Parco e Sindaco di Sabaudia, Alberto Mosca, alla presenza dei rappresentanti dei Comuni di Latina e San Felice Circeo, rispettivamente i consiglieri delegati Faticoni e Cerasoli. L\u2019incontro [&hellip;]<\/p>\n","protected":false},"author":5443,"featured_media":374712,"comment_status":"open","ping_status":"open","sticky":false,"template":"","format":"standard","meta":{"footnotes":""},"categories":[7,734],"tags":[],"class_list":["post-374711","post","type-post","status-publish","format-standard","has-post-thumbnail","hentry","category-cronaca","category-evidenza"],"_links":{"self":[{"href":"https:\/\/www.radioluna.it\/news\/wp-json\/wp\/v2\/posts\/374711","targetHints":{"allow":["GET"]}}],"collection":[{"href":"https:\/\/www.radioluna.it\/news\/wp-json\/wp\/v2\/posts"}],"about":[{"href":"https:\/\/www.radioluna.it\/news\/wp-json\/wp\/v2\/types\/post"}],"author":[{"embeddable":true,"href":"https:\/\/www.radioluna.it\/news\/wp-json\/wp\/v2\/users\/5443"}],"replies":[{"embeddable":true,"href":"https:\/\/www.radioluna.it\/news\/wp-json\/wp\/v2\/comments?post=374711"}],"version-history":[{"count":1,"href":"https:\/\/www.radioluna.it\/news\/wp-json\/wp\/v2\/posts\/374711\/revisions"}],"predecessor-version":[{"id":374713,"href":"https:\/\/www.radioluna.it\/news\/wp-json\/wp\/v2\/posts\/374711\/revisions\/374713"}],"wp:featuredmedia":[{"embeddable":true,"href":"https:\/\/www.radioluna.it\/news\/wp-json\/wp\/v2\/media\/374712"}],"wp:attachment":[{"href":"https:\/\/www.radioluna.it\/news\/wp-json\/wp\/v2\/media?parent=374711"}],"wp:term":[{"taxonomy":"category","embeddable":true,"href":"https:\/\/www.radioluna.it\/news\/wp-json\/wp\/v2\/categories?post=374711"},{"taxonomy":"post_tag","embeddable":true,"href":"https:\/\/www.radioluna.it\/news\/wp-json\/wp\/v2\/tags?post=374711"}],"curies":[{"name":"wp","href":"https:\/\/api.w.org\/{rel}","templated":true}]}}