{"id":375150,"date":"2025-04-28T08:05:24","date_gmt":"2025-04-28T06:05:24","guid":{"rendered":"https:\/\/www.radioluna.it\/news\/?p=375150"},"modified":"2025-04-28T10:02:28","modified_gmt":"2025-04-28T08:02:28","slug":"lievito-scienza-a-scuola-con-lai-e-poi-libri-musica-e-cinema-nel-programma","status":"publish","type":"post","link":"https:\/\/www.radioluna.it\/news\/2025\/04\/lievito-scienza-a-scuola-con-lai-e-poi-libri-musica-e-cinema-nel-programma\/","title":{"rendered":"Lievito Scienza a scuola con l&#8217;AI e poi libri, musica e cinema nel programma di oggi"},"content":{"rendered":"<div id=\"fb-root\"><\/div>\n<p><strong>LATINA<\/strong> &#8211; Lievito torna luned\u00ec 28 aprile con un\u2019altra giornata ricchissima che intreccia conoscenza, creativit\u00e0, impegno sociale e intrattenimento. Un percorso che attraversa diversi linguaggi e si snoda tra scuole, Palazzo M, cinema Corso e spazi all\u2019aperto coinvolgendo tutte le et\u00e0.<\/p>\n<p style=\"text-align: justify;\"><strong>LIEVITO SCIENZA<\/strong> &#8211; Si comincia alle 10.00 all\u2019ITIS Galilei-Sani con l\u2019incontro \u201cLa rivoluzione dell\u2019intelligenza artificiale\u201d, condotto dal coordinatore di Lievito Scienza Giovanni Morelli. Primo di due appuntamenti dedicati agli studenti delle scuole superiori, il seminario affronta il valore e l\u2019impatto della nuova frontiera tecnologica nel nostro vivere quotidiano. \u00abL\u2019intervento proposto ai ragazzi metter\u00e0 in evidenza i tratti essenziali che rendono l\u2019AI un nuovo e rivoluzionario modo di guardare, ma soprattutto di vivere il mondo\u00bb spiega Morelli. L\u2019incontro sar\u00e0 replicato mercoled\u00ec 30 aprile al liceo Majorana.<\/p>\n<p style=\"text-align: justify;\"><strong>LIEVITO KIDS<\/strong> &#8211; Alle 16.30 Lievito Kids si riprende la scena con \u201cIl gioco del ritratto\u201d, laboratorio artistico ispirato all\u2019opera di Herv\u00e9 Tullet a cura dell\u2019associazione Waves &#8211; Pensiero in movimento. Bambini dai 5 ai 12 anni, accompagnati dai loro caregiver, saranno guidati nella realizzazione di ritratti simbolici per esplorare emozioni e relazioni attraverso segni e colori. Per i pi\u00f9 piccoli ci sar\u00e0 anche stavolta una merenda biologica offerta da NaturaS\u00ec. L\u2019attivit\u00e0 si terr\u00e0 nella sala caminetto di Palazzo M, l\u2019accesso \u00e8 consentito a un solo genitore per motivi di sicurezza. Il laboratorio \u00e8 gratuito, ma si raccomanda la prenotazione al link: <a href=\"https:\/\/forms.gle\/oK3NPpTxst5RS1z36\">https:\/\/forms.gle\/oK3NPpTxst5RS1z36<\/a>.<\/p>\n<p style=\"text-align: justify;\"><strong>INCONTRI CON GLI AUTORI<\/strong> &#8211;\u00a0 Storie di impegno e resistenza negli incontri con gli autori che si terranno in sala grande a partire dalle 17.00. Si comincia con l\u2019<strong>imprenditore pontino Luca Fierro<\/strong>, che presenta il suo libro <strong>\u201cDa zero a eccellenza\u201d<\/strong>, un racconto motivazionale che intreccia biografia e visione d\u2019impresa. Fondatore con il fratello dell\u2019azienda Hygenia, Fierro dialogher\u00e0 con il direttore artistico Renato Chiocca in un confronto aperto sull\u2019etica del lavoro, la determinazione e l\u2019innovazione.<\/p>\n<p style=\"text-align: justify;\">A seguire, <strong>alle 18.00, torna a Lievito Marco Omizzolo con \u201cIl mio nome \u00e8 Balbir\u201d<\/strong>, libro-inchiesta appena ristampato che racconta la storia di un bracciante indiano vittima del caporalato.<br \/>\nGiornalista e sociologo di Latina, Omizzolo da oltre vent\u2019anni si occupa di sfruttamento lavorativo e diritti dei migranti. L\u2019incontro \u00e8 promosso da Articolo 21 e moderato dalla giornalista Graziella Di Mambro.<\/p>\n<p style=\"text-align: justify;\"><strong>MUSICA<\/strong> &#8211; Alle 19.00, il cortile di Palazzo M si trasformer\u00e0 in una vera e propria sala da concerto grazie alla B<strong>ig Band del Conservatorio \u201cOttorino Respighi\u201d di Latina<\/strong>, composta da ben 44 elementi tra docenti e allievi: 6 voci, 8 sax, 5 trombe, 4 tromboni, un pianoforte, 8 chitarre, 7 bassi, 5 batterie. A dirigerla il maestro Simone La Maida. Un evento che suggella la nuova collaborazione tra Lievito e una delle eccellenze culturali del territorio.<br \/>\nAlle 20.00, nel foyer di Palazzo M, pausa gourmet con la degustazione a cura di Strada del Vino e Bar Avenue 30, per un brindisi tra sapori locali e atmosfere conviviali.<\/p>\n<p style=\"text-align: justify;\"><strong>CINEMA &#8211; Gran finale alle 21.00 al cinema Corso con la proiezione in anteprima nazionale del film \u201cAcqua Benedetta\u201d<\/strong>, diretto dal regista pontino <strong>Antonio Petrianni<\/strong>. Un racconto intimo e potente che intreccia tre storie segnate dalla dialisi per riflettere sul corpo, sull\u2019acqua come elemento vitale e minaccioso e sul rapporto con l\u2019ambiente. A fare da cornice l\u2019agro pontino, che non \u00e8 solo sfondo ma presenza viva e pulsante del racconto: tra pianure, corsi d\u2019acqua e contraddizioni si snodano storie di fragilit\u00e0 e resistenza. Un paesaggio che respira con i protagonisti, diventando simbolo di memoria e identit\u00e0.<br \/>\nDopo la proiezione, il pubblico potr\u00e0 incontrare <strong>il regista, il produttore Luca Lardieri, lo sceneggiatore Christian Mastrillo e gli attori Carlo Alberto Cecconi, Serena Scaramella e Oise<\/strong><br \/>\n<strong>Amidei<\/strong>. L\u2019evento, realizzato in collaborazione con il Consorzio di Bonifica Lazio Sud Ovest, testimonia la crescente attenzione di Lievito per i temi ambientali e sociali.<br \/>\nL\u2019ingresso in sala \u00e8 previsto al costo del consueto biglietto cinematografico.<br \/>\nPer il concerto del maestro Nicola Piovani, invece, in programma mercoled\u00ec 30 aprile, i biglietti sono disponibili anche a Palazzo M, oppure online al link: <a href=\"https:\/\/ticketitalia.com\/nicola-piovani-\">https:\/\/ticketitalia.com\/nicola-piovani-<\/a><br \/>\nnote-a-margine.<\/p>\n","protected":false},"excerpt":{"rendered":"<p>LATINA &#8211; Lievito torna luned\u00ec 28 aprile con un\u2019altra giornata ricchissima che intreccia conoscenza, creativit\u00e0, impegno sociale e intrattenimento. Un percorso che attraversa diversi linguaggi e si snoda tra scuole, Palazzo M, cinema Corso e spazi all\u2019aperto coinvolgendo tutte le et\u00e0. LIEVITO SCIENZA &#8211; Si comincia alle 10.00 all\u2019ITIS Galilei-Sani con l\u2019incontro \u201cLa rivoluzione dell\u2019intelligenza [&hellip;]<\/p>\n","protected":false},"author":60,"featured_media":375153,"comment_status":"open","ping_status":"open","sticky":false,"template":"","format":"gallery","meta":{"footnotes":""},"categories":[16,734],"tags":[],"class_list":["post-375150","post","type-post","status-publish","format-gallery","has-post-thumbnail","hentry","category-appuntamenti","category-evidenza","post_format-post-format-gallery"],"_links":{"self":[{"href":"https:\/\/www.radioluna.it\/news\/wp-json\/wp\/v2\/posts\/375150","targetHints":{"allow":["GET"]}}],"collection":[{"href":"https:\/\/www.radioluna.it\/news\/wp-json\/wp\/v2\/posts"}],"about":[{"href":"https:\/\/www.radioluna.it\/news\/wp-json\/wp\/v2\/types\/post"}],"author":[{"embeddable":true,"href":"https:\/\/www.radioluna.it\/news\/wp-json\/wp\/v2\/users\/60"}],"replies":[{"embeddable":true,"href":"https:\/\/www.radioluna.it\/news\/wp-json\/wp\/v2\/comments?post=375150"}],"version-history":[{"count":4,"href":"https:\/\/www.radioluna.it\/news\/wp-json\/wp\/v2\/posts\/375150\/revisions"}],"predecessor-version":[{"id":375158,"href":"https:\/\/www.radioluna.it\/news\/wp-json\/wp\/v2\/posts\/375150\/revisions\/375158"}],"wp:featuredmedia":[{"embeddable":true,"href":"https:\/\/www.radioluna.it\/news\/wp-json\/wp\/v2\/media\/375153"}],"wp:attachment":[{"href":"https:\/\/www.radioluna.it\/news\/wp-json\/wp\/v2\/media?parent=375150"}],"wp:term":[{"taxonomy":"category","embeddable":true,"href":"https:\/\/www.radioluna.it\/news\/wp-json\/wp\/v2\/categories?post=375150"},{"taxonomy":"post_tag","embeddable":true,"href":"https:\/\/www.radioluna.it\/news\/wp-json\/wp\/v2\/tags?post=375150"}],"curies":[{"name":"wp","href":"https:\/\/api.w.org\/{rel}","templated":true}]}}