{"id":375173,"date":"2025-04-28T13:21:34","date_gmt":"2025-04-28T11:21:34","guid":{"rendered":"https:\/\/www.radioluna.it\/news\/?p=375173"},"modified":"2025-04-28T13:34:46","modified_gmt":"2025-04-28T11:34:46","slug":"rifiuti-a-latina-la-brutta-immagine-di-piazza-del-quadrato","status":"publish","type":"post","link":"https:\/\/www.radioluna.it\/news\/2025\/04\/rifiuti-a-latina-la-brutta-immagine-di-piazza-del-quadrato\/","title":{"rendered":"Rifiuti a Latina, la brutta immagine di Piazza del Quadrato"},"content":{"rendered":"<div id=\"fb-root\"><\/div>\n<p style=\"text-align: justify;\"><strong>LATINA &#8211; <\/strong>In un momento preoccupante per l&#8217;aumento delle bollette dei rifiuti anche a causa degli alti costi della raccolta indifferenziata, molti cittadini di Latina continuano a non collaborare e a scaricare nel centro storico, dove prosegue la raccolta stradale con i cassonetti e non si \u00e8 passati al porta a porta, una quantit\u00e0 di sacchi neri dove si mischia tutto. Atteggiamenti incivili che pesano sulle tasche di tutti. Un esempio \u00e8 offerto questa mattina da Piazza del Quadrato, piazza storica di Latina, dove il problema \u00e8 ricorrente e esasperante per i residenti.<\/p>\n<p style=\"text-align: justify;\">In una nota Confartigianato Imprese Latina chiede ascolto: \u201cLa gestione del servizio rifiuti nella citt\u00e0 di Latina \u00e8 oggi pi\u00f9 che mai un tema che tocca direttamente la qualit\u00e0 della vita dei cittadini e la competitivit\u00e0 delle imprese locali. Non possiamo rimanere spettatori silenziosi di fronte alle difficolt\u00e0 emerse nella gestione dell&#8217;azienda speciale ABC e alle tensioni politiche che ne stanno condizionando il futuro&#8221;,\u00a0 dichiara Letizia Bongiorno, Presidente di Confartigianato Imprese Latina. L&#8217;intervento segue le novit\u00e0 che riguardano il Piano Economico Finanziario (PEF) del servizio rifiuti e le recenti modifiche nella raccolta differenziata.<\/p>\n<p style=\"text-align: justify;\">\u201cIn un momento in cui le imprese e le famiglie sono chiamate a enormi sforzi economici \u2013 prosegue Bongiorno \u2013 \u00e8 inaccettabile assistere a cambiamenti mal comunicati e male organizzati, che rischiano di compromettere il lavoro fatto finora per migliorare il decoro urbano e promuovere comportamenti virtuosi. Le piccole attivit\u00e0 commerciali e artigiane, gi\u00e0 messe a dura prova da costi crescenti e adempimenti complessi, subiscono ulteriori disagi derivanti da un servizio di raccolta inefficiente e da aumenti tariffari ingiustificati.\u201d<\/p>\n<p style=\"text-align: justify;\">Confartigianato Latina chiede una pianificazione trasparente delle modalit\u00e0 di raccolta, la comunicazione capillare ed efficace con gli utenti, controlli seri contro l\u2019evasione della TARI e la valorizzazione dei comportamenti virtuosi, premiando chi rispetta le regole.<\/p>\n<p style=\"text-align: justify;\">\u201cNon possiamo permettere \u2013 conclude Bongiorno \u2013 che errori organizzativi o divisioni politiche ricadano ancora una volta sui cittadini onesti e sui tanti imprenditori che ogni giorno investono energie e risorse nel nostro territorio. Chiediamo pertanto all\u2019amministrazione e a tutte le forze politiche di mettere da parte le logiche di parte e lavorare insieme per costruire un sistema di gestione dei rifiuti moderno, equo, efficiente e realmente sostenibile per Latina e per chi la vive.\u201d<\/p>\n","protected":false},"excerpt":{"rendered":"<p>LATINA &#8211; In un momento preoccupante per l&#8217;aumento delle bollette dei rifiuti anche a causa degli alti costi della raccolta indifferenziata, molti cittadini di Latina continuano a non collaborare e a scaricare nel centro storico, dove prosegue la raccolta stradale con i cassonetti e non si \u00e8 passati al porta a porta, una quantit\u00e0 di [&hellip;]<\/p>\n","protected":false},"author":62,"featured_media":375174,"comment_status":"open","ping_status":"open","sticky":false,"template":"","format":"standard","meta":{"footnotes":""},"categories":[7,2428],"tags":[],"class_list":["post-375173","post","type-post","status-publish","format-standard","has-post-thumbnail","hentry","category-cronaca","category-primo-piano"],"_links":{"self":[{"href":"https:\/\/www.radioluna.it\/news\/wp-json\/wp\/v2\/posts\/375173","targetHints":{"allow":["GET"]}}],"collection":[{"href":"https:\/\/www.radioluna.it\/news\/wp-json\/wp\/v2\/posts"}],"about":[{"href":"https:\/\/www.radioluna.it\/news\/wp-json\/wp\/v2\/types\/post"}],"author":[{"embeddable":true,"href":"https:\/\/www.radioluna.it\/news\/wp-json\/wp\/v2\/users\/62"}],"replies":[{"embeddable":true,"href":"https:\/\/www.radioluna.it\/news\/wp-json\/wp\/v2\/comments?post=375173"}],"version-history":[{"count":1,"href":"https:\/\/www.radioluna.it\/news\/wp-json\/wp\/v2\/posts\/375173\/revisions"}],"predecessor-version":[{"id":375200,"href":"https:\/\/www.radioluna.it\/news\/wp-json\/wp\/v2\/posts\/375173\/revisions\/375200"}],"wp:featuredmedia":[{"embeddable":true,"href":"https:\/\/www.radioluna.it\/news\/wp-json\/wp\/v2\/media\/375174"}],"wp:attachment":[{"href":"https:\/\/www.radioluna.it\/news\/wp-json\/wp\/v2\/media?parent=375173"}],"wp:term":[{"taxonomy":"category","embeddable":true,"href":"https:\/\/www.radioluna.it\/news\/wp-json\/wp\/v2\/categories?post=375173"},{"taxonomy":"post_tag","embeddable":true,"href":"https:\/\/www.radioluna.it\/news\/wp-json\/wp\/v2\/tags?post=375173"}],"curies":[{"name":"wp","href":"https:\/\/api.w.org\/{rel}","templated":true}]}}