{"id":375497,"date":"2025-05-02T12:51:50","date_gmt":"2025-05-02T10:51:50","guid":{"rendered":"https:\/\/www.radioluna.it\/news\/?p=375497"},"modified":"2025-05-02T12:51:50","modified_gmt":"2025-05-02T10:51:50","slug":"viola-lallontanamento-della-casa-familiare-49enne-arrestato-ad-aprilia","status":"publish","type":"post","link":"https:\/\/www.radioluna.it\/news\/2025\/05\/viola-lallontanamento-della-casa-familiare-49enne-arrestato-ad-aprilia\/","title":{"rendered":"Viola l&#8217;allontanamento della casa familiare, 49enne arrestato ad Aprilia"},"content":{"rendered":"<div id=\"fb-root\"><\/div>\n<p>APRILIA &#8211; Aveva gi\u00e0 ricevuto il divieto di avvicinarsi alla casa della madre perch\u00e8 si era reso responsabile di maltrattamenti, ma nella notte del 30 aprile scorso, \u00e8 stato sorpreso nei pressi dell\u2019abitazione della madre, la quale veniva ripetutamente minacciata dal figlio.  L&#8217;uomo un quarantanovenne del posto, gi\u00e0 colpito dalle stesse restrizioni a giugno 2023, \u00e8 stato colto in flagranza di reato dai Carabinieri, che, una volta arrestato, l\u2019hanno trattenuto presso le camere di sicurezza della Caserma di Aprilia in attesa della convalida dell&#8217;arresto. <\/p>\n","protected":false},"excerpt":{"rendered":"<p>APRILIA &#8211; Aveva gi\u00e0 ricevuto il divieto di avvicinarsi alla casa della madre perch\u00e8 si era reso responsabile di maltrattamenti, ma nella notte del 30 aprile scorso, \u00e8 stato sorpreso nei pressi dell\u2019abitazione della madre, la quale veniva ripetutamente minacciata dal figlio. L&#8217;uomo un quarantanovenne del posto, gi\u00e0 colpito dalle stesse restrizioni a giugno 2023, [&hellip;]<\/p>\n","protected":false},"author":5444,"featured_media":375250,"comment_status":"open","ping_status":"open","sticky":false,"template":"","format":"standard","meta":{"footnotes":""},"categories":[7,2428],"tags":[],"class_list":["post-375497","post","type-post","status-publish","format-standard","has-post-thumbnail","hentry","category-cronaca","category-primo-piano"],"_links":{"self":[{"href":"https:\/\/www.radioluna.it\/news\/wp-json\/wp\/v2\/posts\/375497","targetHints":{"allow":["GET"]}}],"collection":[{"href":"https:\/\/www.radioluna.it\/news\/wp-json\/wp\/v2\/posts"}],"about":[{"href":"https:\/\/www.radioluna.it\/news\/wp-json\/wp\/v2\/types\/post"}],"author":[{"embeddable":true,"href":"https:\/\/www.radioluna.it\/news\/wp-json\/wp\/v2\/users\/5444"}],"replies":[{"embeddable":true,"href":"https:\/\/www.radioluna.it\/news\/wp-json\/wp\/v2\/comments?post=375497"}],"version-history":[{"count":1,"href":"https:\/\/www.radioluna.it\/news\/wp-json\/wp\/v2\/posts\/375497\/revisions"}],"predecessor-version":[{"id":375499,"href":"https:\/\/www.radioluna.it\/news\/wp-json\/wp\/v2\/posts\/375497\/revisions\/375499"}],"wp:featuredmedia":[{"embeddable":true,"href":"https:\/\/www.radioluna.it\/news\/wp-json\/wp\/v2\/media\/375250"}],"wp:attachment":[{"href":"https:\/\/www.radioluna.it\/news\/wp-json\/wp\/v2\/media?parent=375497"}],"wp:term":[{"taxonomy":"category","embeddable":true,"href":"https:\/\/www.radioluna.it\/news\/wp-json\/wp\/v2\/categories?post=375497"},{"taxonomy":"post_tag","embeddable":true,"href":"https:\/\/www.radioluna.it\/news\/wp-json\/wp\/v2\/tags?post=375497"}],"curies":[{"name":"wp","href":"https:\/\/api.w.org\/{rel}","templated":true}]}}