{"id":375628,"date":"2025-05-03T16:55:37","date_gmt":"2025-05-03T14:55:37","guid":{"rendered":"https:\/\/www.radioluna.it\/news\/?p=375628"},"modified":"2025-05-03T16:55:37","modified_gmt":"2025-05-03T14:55:37","slug":"latina-minaccia-i-genitori-per-soldi-da-spendere-in-droga-finisce-in-carcere","status":"publish","type":"post","link":"https:\/\/www.radioluna.it\/news\/2025\/05\/latina-minaccia-i-genitori-per-soldi-da-spendere-in-droga-finisce-in-carcere\/","title":{"rendered":"Latina, minaccia i genitori per soldi da spendere in droga: finisce in carcere"},"content":{"rendered":"<div id=\"fb-root\"><\/div>\n<p class=\"\" style=\"text-align: justify;\" data-start=\"173\" data-end=\"540\">LATINA \u2013 Nuovi guai per un uomo gi\u00e0 noto alle forze dell\u2019ordine per episodi di violenza familiare legati alla tossicodipendenza. Nel pomeriggio di ieri, la Polizia di Stato ha eseguito un\u2019ordinanza del Gip di Latina che ha disposto l\u2019aggravamento della misura cautelare: dagli obblighi di presentazione alla polizia giudiziaria, si \u00e8 passati alla custodia in carcere. L\u2019uomo, in passato gi\u00e0 detenuto e poi ai domiciliari per comportamenti aggressivi nei confronti dei genitori, aveva ottenuto una misura pi\u00f9 lieve dopo aver promesso di avviare un percorso terapeutico, mai intrapreso. Tornato in libert\u00e0, ha ripreso a minacciare e aggredire i familiari per ottenere denaro con cui acquistare stupefacenti. In seguito alla denuncia delle vittime, la Procura ha chiesto e ottenuto l\u2019applicazione degli arresti domiciliari o, in assenza di una residenza idonea, il trasferimento in carcere. La Squadra Mobile lo ha quindi condotto in cella.<\/p>\n","protected":false},"excerpt":{"rendered":"<p>LATINA \u2013 Nuovi guai per un uomo gi\u00e0 noto alle forze dell\u2019ordine per episodi di violenza familiare legati alla tossicodipendenza. Nel pomeriggio di ieri, la Polizia di Stato ha eseguito un\u2019ordinanza del Gip di Latina che ha disposto l\u2019aggravamento della misura cautelare: dagli obblighi di presentazione alla polizia giudiziaria, si \u00e8 passati alla custodia in [&hellip;]<\/p>\n","protected":false},"author":5443,"featured_media":299936,"comment_status":"open","ping_status":"open","sticky":false,"template":"","format":"standard","meta":{"footnotes":""},"categories":[7,2428],"tags":[],"class_list":["post-375628","post","type-post","status-publish","format-standard","has-post-thumbnail","hentry","category-cronaca","category-primo-piano"],"_links":{"self":[{"href":"https:\/\/www.radioluna.it\/news\/wp-json\/wp\/v2\/posts\/375628","targetHints":{"allow":["GET"]}}],"collection":[{"href":"https:\/\/www.radioluna.it\/news\/wp-json\/wp\/v2\/posts"}],"about":[{"href":"https:\/\/www.radioluna.it\/news\/wp-json\/wp\/v2\/types\/post"}],"author":[{"embeddable":true,"href":"https:\/\/www.radioluna.it\/news\/wp-json\/wp\/v2\/users\/5443"}],"replies":[{"embeddable":true,"href":"https:\/\/www.radioluna.it\/news\/wp-json\/wp\/v2\/comments?post=375628"}],"version-history":[{"count":1,"href":"https:\/\/www.radioluna.it\/news\/wp-json\/wp\/v2\/posts\/375628\/revisions"}],"predecessor-version":[{"id":375629,"href":"https:\/\/www.radioluna.it\/news\/wp-json\/wp\/v2\/posts\/375628\/revisions\/375629"}],"wp:featuredmedia":[{"embeddable":true,"href":"https:\/\/www.radioluna.it\/news\/wp-json\/wp\/v2\/media\/299936"}],"wp:attachment":[{"href":"https:\/\/www.radioluna.it\/news\/wp-json\/wp\/v2\/media?parent=375628"}],"wp:term":[{"taxonomy":"category","embeddable":true,"href":"https:\/\/www.radioluna.it\/news\/wp-json\/wp\/v2\/categories?post=375628"},{"taxonomy":"post_tag","embeddable":true,"href":"https:\/\/www.radioluna.it\/news\/wp-json\/wp\/v2\/tags?post=375628"}],"curies":[{"name":"wp","href":"https:\/\/api.w.org\/{rel}","templated":true}]}}