{"id":375696,"date":"2025-05-05T09:28:04","date_gmt":"2025-05-05T07:28:04","guid":{"rendered":"https:\/\/www.radioluna.it\/news\/?p=375696"},"modified":"2025-05-05T09:28:33","modified_gmt":"2025-05-05T07:28:33","slug":"il-cielo-e-di-tutti-al-70-stormo-di-latina-levento-di-inclusione-e-solidarieta","status":"publish","type":"post","link":"https:\/\/www.radioluna.it\/news\/2025\/05\/il-cielo-e-di-tutti-al-70-stormo-di-latina-levento-di-inclusione-e-solidarieta\/","title":{"rendered":"&#8220;Il cielo \u00e8 di tutti&#8221;: al 70\u00b0 Stormo di Latina l&#8217;evento di inclusione e solidariet\u00e0"},"content":{"rendered":"<div id=\"fb-root\"><\/div>\n<p style=\"text-align: justify;\"><strong>LATINA &#8211;\u00a0 <\/strong>Una giornata all&#8217;insegna dell\u2019inclusione e della solidariet\u00e0 si \u00e8 svolta domenica 4 maggio presso il 70\u00b0 Stormo, la scuola di volo dell\u2019Aeronautica Militare che seleziona e addestra i futuri piloti militari dell\u2019Aeronautica Militare, delle altre Forze Armate e dei Corpi Armati dello Stato, e i cadetti di altre Nazioni.&#8221;Il cielo \u00e8 di tutti&#8221; il titolo dato all&#8217;incontro organizzato con famiglie, associazioni e personale dell\u2019Aeronautica Militare, 3\u00aa edizione dell\u2019evento che ha coinvolto LatinAutismo, Martina e la sua luna e l&#8217;Associazione Italiana Persone Down di Latina (AIPD).<\/p>\n<p style=\"text-align: justify;\">Dopo l\u2019accoglienza, le famiglie si sono ritrovate presso il giardino del Circolo Ufficiali per una sobria colazione. Contestualmente, il Comandante del 70\u00b0 Stormo, Colonnello Pilota Simone Mettini, ha consegnato un assegno a ciascuno dei presidenti delle associazioni partecipanti, frutto di una raccolta fondi organizzata dai militari, attraverso la quale si sottolinea l\u2019importanza del contributo collettivo. \u00a0Sono state destinate delle targhe in segno di riconoscimento ai presidenti summenzionati e al personale che ha reso possibile la realizzazione dell\u2019evento. Nelle sue parole: \u201cMomenti come questi riempiono di gioia e colore il nostro Aeroporto. Il nostro personale ha voluto dimostrare come il nostro lavoro quotidiano sia al servizio delle persone. Questo \u00e8 uno dei primi passi per far vivere al mondo un cambiamento significativo, che non parli pi\u00f9 di diversit\u00e0, bens\u00ec di inclusione e soprattutto condivisione. Il diverso \u00e8 solo negli occhi di chi guarda.\u201d<\/p>\n<p style=\"text-align: justify;\">A seguire, nel giardino del Circolo Ufficiali del 70\u00b0 Stormo, si \u00e8 svolto un briefing sul primo soccorso a cura del personale di\u00a0CSE Formazione, con l\u2019obiettivo di sensibilizzare i presenti sulle tecniche di primo intervento in caso di emergenza.<\/p>\n<p style=\"text-align: justify;\">Durante la cerimonia dell\u2019alzabandiera sul piazzale bandiera i presenti hanno cantato insieme l&#8217;inno italiano. Poi, la Santa Messa, celebrata presso l\u2019hangar del GEA (Gruppo Efficienza Aeromobili) dal parroco della chiesa di Latina Scalo, Don Nello Zimbardi. &#8221; Con le sue parole sincere e coinvolgenti &#8211; si legge in una nota &#8211; , \u00e8 riuscito a toccare il cuore di familiari e militari presenti. Al termine della celebrazione, le famiglie hanno potuto avvicinarsi al mondo dell\u2019Aeronautica Militare esplorando da vicino i mezzi antincendi e il velivolo addestratore SF260 EA, in dotazione alla scuola di volo, un\u2019esperienza emozionante, soprattutto per i pi\u00f9 piccoli&#8221;.<\/p>\n<p style=\"text-align: justify;\">La giornata si \u00e8 conclusa nella zona verde appositamente allestita, dove bambini e adulti hanno potuto condividere un momento di svago con animazione e giochi.<\/p>\n<p style=\"text-align: justify;\">&#8220;L\u2019evento ha dimostrato concretamente\u00a0 &#8211; dichiarano dal 70\u00b0 Stormo\u00a0 &#8211; la vicinanza ai temi dell\u2019inclusione sociale e della solidariet\u00e0. Grazie all\u2019impegno volontario del personale del 70\u00b0 Stormo e alla collaborazione con le associazioni partecipanti, si \u00e8 potuto offrire un momento autentico di umanit\u00e0 e partecipazione. Questa giornata ha confermato che, unendo le forze e il cuore, \u00e8 possibile rendere il mondo un posto migliore per tutti, lasciando nei partecipanti il ricordo di un\u2019esperienza profondamente significativa&#8221;.<\/p>\n<p style=\"text-align: justify;\">\n","protected":false},"excerpt":{"rendered":"<p>LATINA &#8211;\u00a0 Una giornata all&#8217;insegna dell\u2019inclusione e della solidariet\u00e0 si \u00e8 svolta domenica 4 maggio presso il 70\u00b0 Stormo, la scuola di volo dell\u2019Aeronautica Militare che seleziona e addestra i futuri piloti militari dell\u2019Aeronautica Militare, delle altre Forze Armate e dei Corpi Armati dello Stato, e i cadetti di altre Nazioni.&#8221;Il cielo \u00e8 di tutti&#8221; [&hellip;]<\/p>\n","protected":false},"author":60,"featured_media":375697,"comment_status":"open","ping_status":"open","sticky":false,"template":"","format":"gallery","meta":{"footnotes":""},"categories":[16,734],"tags":[],"class_list":["post-375696","post","type-post","status-publish","format-gallery","has-post-thumbnail","hentry","category-appuntamenti","category-evidenza","post_format-post-format-gallery"],"_links":{"self":[{"href":"https:\/\/www.radioluna.it\/news\/wp-json\/wp\/v2\/posts\/375696","targetHints":{"allow":["GET"]}}],"collection":[{"href":"https:\/\/www.radioluna.it\/news\/wp-json\/wp\/v2\/posts"}],"about":[{"href":"https:\/\/www.radioluna.it\/news\/wp-json\/wp\/v2\/types\/post"}],"author":[{"embeddable":true,"href":"https:\/\/www.radioluna.it\/news\/wp-json\/wp\/v2\/users\/60"}],"replies":[{"embeddable":true,"href":"https:\/\/www.radioluna.it\/news\/wp-json\/wp\/v2\/comments?post=375696"}],"version-history":[{"count":2,"href":"https:\/\/www.radioluna.it\/news\/wp-json\/wp\/v2\/posts\/375696\/revisions"}],"predecessor-version":[{"id":375700,"href":"https:\/\/www.radioluna.it\/news\/wp-json\/wp\/v2\/posts\/375696\/revisions\/375700"}],"wp:featuredmedia":[{"embeddable":true,"href":"https:\/\/www.radioluna.it\/news\/wp-json\/wp\/v2\/media\/375697"}],"wp:attachment":[{"href":"https:\/\/www.radioluna.it\/news\/wp-json\/wp\/v2\/media?parent=375696"}],"wp:term":[{"taxonomy":"category","embeddable":true,"href":"https:\/\/www.radioluna.it\/news\/wp-json\/wp\/v2\/categories?post=375696"},{"taxonomy":"post_tag","embeddable":true,"href":"https:\/\/www.radioluna.it\/news\/wp-json\/wp\/v2\/tags?post=375696"}],"curies":[{"name":"wp","href":"https:\/\/api.w.org\/{rel}","templated":true}]}}