{"id":375704,"date":"2025-05-05T10:56:57","date_gmt":"2025-05-05T08:56:57","guid":{"rendered":"https:\/\/www.radioluna.it\/news\/?p=375704"},"modified":"2025-05-06T20:08:32","modified_gmt":"2025-05-06T18:08:32","slug":"latina-sospetto-pacco-bomba-chiuso-corso-matteotti","status":"publish","type":"post","link":"https:\/\/www.radioluna.it\/news\/2025\/05\/latina-sospetto-pacco-bomba-chiuso-corso-matteotti\/","title":{"rendered":"Latina, rimosso l&#8217;ordigno che ha costretto alla chiusura di Corso Matteotti. Indagano i carabinieri"},"content":{"rendered":"<div id=\"fb-root\"><\/div>\n<p style=\"text-align: justify;\"><strong>LATINA &#8211; <em>aggiornamento. <\/em><\/strong>E&#8217; stato rimosso l&#8217;ordigno trovato questa mattina sul lato sinistro del marciapiede di Corso Matteotti compreso tra Via Carlo Pisacane e Via Fratelli Bandiera. L&#8217;oggetto, secondo alcuni testimoni, \u00e8 stato lasciato quando le attivit\u00e0 commerciali sul tratto erano gi\u00e0 aperte. All&#8217;arrivo dei carabinieri, i locali sono stati fatti evacuare per i controlli necessari e per svolgere le operazioni in sicurezza, nel frattempo sono arrivati gli artificieri. L&#8217;oggetto \u00e8 stato passato allo scanner e anche se si attendono conferme ufficiali da parte delle autorit\u00e0, si tratterebbe di\u00a0 una bomba realizzata artigianalmente. Sono in corso gli esami sul materiale.<\/p>\n<p style=\"text-align: justify;\">Sono partite immediatamente anche le indagini degli investigatori del comando provinciale di Latina dell&#8217;Arma e sono stati ascoltati alcuni testimoni per ricostruire i passaggi, l&#8217;orario in cui \u00e8 apparso il pacco sospetto, capire a chi fosse diretto e per quali ragioni.<\/p>\n<p style=\"text-align: justify;\">\u00a0 \u00a0FLASH &#8211; Emergenza in Corso Matteotti a Latina per un sospetto ordigno trovato davanti ad una attivit\u00e0 commerciale nel tratto compreso tra Via Carlo Pisacane e Via Fratelli Bandiera, che \u00e8 stato interdetto al traffico. Sul posto si trovano i carabinieri del comando provinciale di Latina e gli artificieri dell&#8217;Arma.<\/p>\n<p style=\"text-align: justify;\">L&#8217;ordigno, una granata di fabbricazione dell&#8217;Est europeo,\u00a0 \u00e8 stato scoperto questa mattina da un ragazzo che ha\u00a0 allertato il 112.\u00a0 Gli artificieri sono intervenuti immediatamente sul posto per verificare da vicino la situazione. Quando la zona \u00e8 stata isolata, uno dei militari esperti del gruppo artificieri ha posizionato sul marciapiede sinistro, a pochi metri da Palazzo Pennacchi, in corrispondenza del sospetto ordigno, un rilevatore di immagini che lo ha passato ai raggi X. Non si hanno al momento altre informazioni.<\/p>\n<p style=\"text-align: justify;\">Tutta la zona, centralissima, \u00e8 ancora presidiata dalle FO. Per gestire la viabilit\u00e0 \u00e8 intervenuta la polizia locale.<\/p>\n<p><img loading=\"lazy\" decoding=\"async\" class=\"alignnone size-full wp-image-375712\" src=\"https:\/\/www.radioluna.it\/news\/wp-content\/uploads\/2025\/05\/WhatsApp-Image-2025-05-05-at-11.00.28.jpeg\" alt=\"\" width=\"1600\" height=\"1200\" srcset=\"https:\/\/www.radioluna.it\/news\/wp-content\/uploads\/2025\/05\/WhatsApp-Image-2025-05-05-at-11.00.28.jpeg 1600w, https:\/\/www.radioluna.it\/news\/wp-content\/uploads\/2025\/05\/WhatsApp-Image-2025-05-05-at-11.00.28-768x576.jpeg 768w, https:\/\/www.radioluna.it\/news\/wp-content\/uploads\/2025\/05\/WhatsApp-Image-2025-05-05-at-11.00.28-1536x1152.jpeg 1536w\" sizes=\"auto, (max-width: 1600px) 100vw, 1600px\" \/><\/p>\n","protected":false},"excerpt":{"rendered":"<p>LATINA &#8211; aggiornamento. E&#8217; stato rimosso l&#8217;ordigno trovato questa mattina sul lato sinistro del marciapiede di Corso Matteotti compreso tra Via Carlo Pisacane e Via Fratelli Bandiera. L&#8217;oggetto, secondo alcuni testimoni, \u00e8 stato lasciato quando le attivit\u00e0 commerciali sul tratto erano gi\u00e0 aperte. All&#8217;arrivo dei carabinieri, i locali sono stati fatti evacuare per i controlli [&hellip;]<\/p>\n","protected":false},"author":62,"featured_media":375707,"comment_status":"open","ping_status":"open","sticky":false,"template":"","format":"standard","meta":{"footnotes":""},"categories":[7,2428],"tags":[],"class_list":["post-375704","post","type-post","status-publish","format-standard","has-post-thumbnail","hentry","category-cronaca","category-primo-piano"],"_links":{"self":[{"href":"https:\/\/www.radioluna.it\/news\/wp-json\/wp\/v2\/posts\/375704","targetHints":{"allow":["GET"]}}],"collection":[{"href":"https:\/\/www.radioluna.it\/news\/wp-json\/wp\/v2\/posts"}],"about":[{"href":"https:\/\/www.radioluna.it\/news\/wp-json\/wp\/v2\/types\/post"}],"author":[{"embeddable":true,"href":"https:\/\/www.radioluna.it\/news\/wp-json\/wp\/v2\/users\/62"}],"replies":[{"embeddable":true,"href":"https:\/\/www.radioluna.it\/news\/wp-json\/wp\/v2\/comments?post=375704"}],"version-history":[{"count":17,"href":"https:\/\/www.radioluna.it\/news\/wp-json\/wp\/v2\/posts\/375704\/revisions"}],"predecessor-version":[{"id":375839,"href":"https:\/\/www.radioluna.it\/news\/wp-json\/wp\/v2\/posts\/375704\/revisions\/375839"}],"wp:featuredmedia":[{"embeddable":true,"href":"https:\/\/www.radioluna.it\/news\/wp-json\/wp\/v2\/media\/375707"}],"wp:attachment":[{"href":"https:\/\/www.radioluna.it\/news\/wp-json\/wp\/v2\/media?parent=375704"}],"wp:term":[{"taxonomy":"category","embeddable":true,"href":"https:\/\/www.radioluna.it\/news\/wp-json\/wp\/v2\/categories?post=375704"},{"taxonomy":"post_tag","embeddable":true,"href":"https:\/\/www.radioluna.it\/news\/wp-json\/wp\/v2\/tags?post=375704"}],"curies":[{"name":"wp","href":"https:\/\/api.w.org\/{rel}","templated":true}]}}