{"id":375733,"date":"2025-05-05T13:20:42","date_gmt":"2025-05-05T11:20:42","guid":{"rendered":"https:\/\/www.radioluna.it\/news\/?p=375733"},"modified":"2025-05-05T13:20:42","modified_gmt":"2025-05-05T11:20:42","slug":"dopo-gli-insulti-il-rider-samir-22-anni-ricevuto-in-comune-dalla-sindaca-di-latina-celentano","status":"publish","type":"post","link":"https:\/\/www.radioluna.it\/news\/2025\/05\/dopo-gli-insulti-il-rider-samir-22-anni-ricevuto-in-comune-dalla-sindaca-di-latina-celentano\/","title":{"rendered":"Dopo gli insulti, il rider Samir, 22 anni, ricevuto in Comune dalla sindaca di Latina Celentano"},"content":{"rendered":"<div id=\"fb-root\"><\/div>\n<p style=\"text-align: justify;\"><strong>LATINA<\/strong> &#8211; Il sindaco di Latina Matilde Celentano questa mattina ha incontrato Samir, il giovane lavoratore bengalese vittima di un grave episodio di intolleranza avvenuto il primo maggio. Un incontro sentito, &#8220;per esprimere solidariet\u00e0 per quanto accaduto e per ribadire con fermezza che Latina respinge ogni forma di discriminazione e riafferma i valori di rispetto, dignit\u00e0 e inclusione che la contraddistinguono&#8221;.<\/p>\n<p style=\"text-align: justify;\">\u201cSamir \u2013 afferma la prima cittadina &#8211; ha 22 anni, \u00e8 arrivato in Italia nel febbraio dello scorso anno e, in poco pi\u00f9 di un anno, ha imparato a parlare un italiano perfetto. Lavora come rider, con un contratto regolare, con grande impegno e determinazione, ha acquistato una bicicletta elettrica per effettuare le consegne pi\u00f9 velocemente, e sogna di diventare un giorno autista di autobus. Ha gi\u00e0 iniziato a risparmiare per comprare uno scooter e prendere le patenti necessarie. \u00c8 un ragazzo ambizioso, con obiettivi chiari e tanta voglia di costruirsi un futuro e, a nome dell\u2019amministrazione che rappresento, sono fiera di lui e di tutti coloro che con forza e determinazione fanno del loro meglio per raggiungere i propri obiettivi. La vicenda che lo ha colpito lo ha fatto sentire insicuro e umiliato e Samir ha scelto di raccontare pubblicamente l&#8217;accaduto, non per lamentarsi, ma per affermare la sua dignit\u00e0 e quella di tanti altri che possono trovarsi nella sua stessa situazione. Quello che ha subito \u2013 continua il Sindaco \u2013 \u00e8 inaccettabile. Ma ci\u00f2 che ci rende fieri \u00e8 la risposta della nostra comunit\u00e0: centinaia di cittadini hanno espresso vicinanza e affetto al 22enne che ho avuto il piacere di conoscere. La solidariet\u00e0 e i tanti messaggi di stima che Samir ha ricevuto sono la testimonianza del cuore grande della nostra citt\u00e0. Ed \u00e8 una solidariet\u00e0 che vogliamo estendere simbolicamente a tutte le persone che, come lui, hanno vissuto o vivono esperienze di ingiustizia e discriminazione. Latina \u00e8 da sempre una citt\u00e0 che si fonda sull\u2019accoglienza e sul lavoro e deve rimanere una citt\u00e0 dove nessuno si senta solo o fuori posto. Dove chi lavora, studia, cresce e sogna ha diritto di sentirsi parte integrante della comunit\u00e0, a prescindere da dove venga\u201d.<\/p>\n<p style=\"text-align: justify;\">Il Sindaco ha voluto ringraziare personalmente Samir per il coraggio e l\u2019impegno con cui ogni giorno contribuisce alla vita della citt\u00e0. E ha ribadito che l\u2019amministrazione comunale continuer\u00e0 a lavorare, insieme a tutti gli attori sociali e istituzionali, per costruire una Latina davvero accogliente, sicura e inclusiva per tutti.<\/p>\n","protected":false},"excerpt":{"rendered":"<p>LATINA &#8211; Il sindaco di Latina Matilde Celentano questa mattina ha incontrato Samir, il giovane lavoratore bengalese vittima di un grave episodio di intolleranza avvenuto il primo maggio. Un incontro sentito, &#8220;per esprimere solidariet\u00e0 per quanto accaduto e per ribadire con fermezza che Latina respinge ogni forma di discriminazione e riafferma i valori di rispetto, [&hellip;]<\/p>\n","protected":false},"author":60,"featured_media":375734,"comment_status":"open","ping_status":"open","sticky":false,"template":"","format":"standard","meta":{"footnotes":""},"categories":[735,7],"tags":[],"class_list":["post-375733","post","type-post","status-publish","format-standard","has-post-thumbnail","hentry","category-attualita","category-cronaca"],"_links":{"self":[{"href":"https:\/\/www.radioluna.it\/news\/wp-json\/wp\/v2\/posts\/375733","targetHints":{"allow":["GET"]}}],"collection":[{"href":"https:\/\/www.radioluna.it\/news\/wp-json\/wp\/v2\/posts"}],"about":[{"href":"https:\/\/www.radioluna.it\/news\/wp-json\/wp\/v2\/types\/post"}],"author":[{"embeddable":true,"href":"https:\/\/www.radioluna.it\/news\/wp-json\/wp\/v2\/users\/60"}],"replies":[{"embeddable":true,"href":"https:\/\/www.radioluna.it\/news\/wp-json\/wp\/v2\/comments?post=375733"}],"version-history":[{"count":1,"href":"https:\/\/www.radioluna.it\/news\/wp-json\/wp\/v2\/posts\/375733\/revisions"}],"predecessor-version":[{"id":375735,"href":"https:\/\/www.radioluna.it\/news\/wp-json\/wp\/v2\/posts\/375733\/revisions\/375735"}],"wp:featuredmedia":[{"embeddable":true,"href":"https:\/\/www.radioluna.it\/news\/wp-json\/wp\/v2\/media\/375734"}],"wp:attachment":[{"href":"https:\/\/www.radioluna.it\/news\/wp-json\/wp\/v2\/media?parent=375733"}],"wp:term":[{"taxonomy":"category","embeddable":true,"href":"https:\/\/www.radioluna.it\/news\/wp-json\/wp\/v2\/categories?post=375733"},{"taxonomy":"post_tag","embeddable":true,"href":"https:\/\/www.radioluna.it\/news\/wp-json\/wp\/v2\/tags?post=375733"}],"curies":[{"name":"wp","href":"https:\/\/api.w.org\/{rel}","templated":true}]}}