{"id":375823,"date":"2025-05-06T13:57:08","date_gmt":"2025-05-06T11:57:08","guid":{"rendered":"https:\/\/www.radioluna.it\/news\/?p=375823"},"modified":"2025-05-06T14:08:46","modified_gmt":"2025-05-06T12:08:46","slug":"no-other-land-alloxer-la-proiezione-del-doc-israelo-palestinese-che-ha-vinto-loscar","status":"publish","type":"post","link":"https:\/\/www.radioluna.it\/news\/2025\/05\/no-other-land-alloxer-la-proiezione-del-doc-israelo-palestinese-che-ha-vinto-loscar\/","title":{"rendered":"\u201cNo Other Land\u201d, all&#8217;Oxer la proiezione del doc israelo-palestinese che ha vinto l\u2019Oscar"},"content":{"rendered":"<div id=\"fb-root\"><\/div>\n<p style=\"text-align: justify;\"><strong>LATINA &#8211;\u00a0 Venerd\u00ec 9 maggio alle 21, presso il Cinema Multisala Oxer di Latina<\/strong>, l\u2019<strong>Associazione culturale Underground Culture<\/strong> organizza la proiezione del documentario pluripremiato <strong>\u201cNo Other Land\u201d, vincitore dell\u2019Oscar come Miglior Documentario<\/strong>. Un lavoro diretto, prodotto, scritto e montato da un collettivo israelo-palestinese formato da <strong>Basel Adra, Yuval Abraham, Rachel Szor ed Hamdan Ballal<\/strong>. Una storia di amicizia e di resistenza la loro, da cui sono nati cinque anni di riprese per documentare, dal 2019 al 2023, gli sforzi di Basel Adra e di altri attivisti palestinesi di opporsi alla distruzione del loro villaggio natale di Masafer Yatta, situato nel governatorato di Hebron in Cisgiordania, da parte delle forze di difesa israeliane (IDF), per costruirci un poligono di tiro e zona d&#8217;addestramento militare.<br \/>\nL\u2019iniziativa, nella Giornata dell&#8217;Europa, si inserisce nell\u2019ambito della campagna europea <strong>\u201cL\u2019Ultimo Giorno di Gaza \u2013 L\u2019Europa contro il genocidio\u201d<\/strong>, una giornata di mobilitazione e coscienza civile per non tacere di fronte a una tragedia umanitaria che continua a consumarsi sotto gli occhi del mondo.<\/p>\n<p style=\"text-align: justify;\">L\u2019evento si aprir\u00e0 con l\u2019intervento di <strong>Sandro D\u2019Onofrio<\/strong> dell\u2019Associazione Underground Culture, al quale far\u00e0 seguito l\u2019introduzione di Luciano Conte, attivista di AssoPace Palestina, portavoce del Comitato Direzione Pace e dirigente provinciale di Sinistra Italiana Frosinone.<br \/>\nA seguire gli interventi di <strong>Chiara Sanseverino<\/strong> (Centro Donna Lilith Aps), <strong>M. Concetta Checchini<\/strong> (per Anpi Latina e Anpi Provincia Latina) e <strong>Patrizia Migliozzi<\/strong> (Articolo 21), <strong>Anna Del Vecchio<\/strong> (CGIL Frosinone Latina), <strong>Livia Armando<\/strong> (Percorsi di Umanit\u00e0 per una Latina Solidale).<\/p>\n<p style=\"text-align: justify;\">&#8220;In un momento storico in cui il termine genocidio non pu\u00f2 pi\u00f9 essere evitato n\u00e9 relativizzato, la proiezione di \u201cNo Other Land\u201d \u00e8 un atto necessario di informazione, empatia e impegno&#8221;, dicono gli organizzatori.<\/p>\n<p>Ingresso con <strong>prenotazione consigliata<\/strong> al link: <a href=\"https:\/\/multisalaoxer.18tickets.it\/film\/27319\">https:\/\/multisalaoxer.18tickets.it\/film\/27319<\/a><\/p>\n","protected":false},"excerpt":{"rendered":"<p>LATINA &#8211;\u00a0 Venerd\u00ec 9 maggio alle 21, presso il Cinema Multisala Oxer di Latina, l\u2019Associazione culturale Underground Culture organizza la proiezione del documentario pluripremiato \u201cNo Other Land\u201d, vincitore dell\u2019Oscar come Miglior Documentario. Un lavoro diretto, prodotto, scritto e montato da un collettivo israelo-palestinese formato da Basel Adra, Yuval Abraham, Rachel Szor ed Hamdan Ballal. Una [&hellip;]<\/p>\n","protected":false},"author":62,"featured_media":375824,"comment_status":"open","ping_status":"open","sticky":false,"template":"","format":"standard","meta":{"footnotes":""},"categories":[16,734],"tags":[],"class_list":["post-375823","post","type-post","status-publish","format-standard","has-post-thumbnail","hentry","category-appuntamenti","category-evidenza"],"_links":{"self":[{"href":"https:\/\/www.radioluna.it\/news\/wp-json\/wp\/v2\/posts\/375823","targetHints":{"allow":["GET"]}}],"collection":[{"href":"https:\/\/www.radioluna.it\/news\/wp-json\/wp\/v2\/posts"}],"about":[{"href":"https:\/\/www.radioluna.it\/news\/wp-json\/wp\/v2\/types\/post"}],"author":[{"embeddable":true,"href":"https:\/\/www.radioluna.it\/news\/wp-json\/wp\/v2\/users\/62"}],"replies":[{"embeddable":true,"href":"https:\/\/www.radioluna.it\/news\/wp-json\/wp\/v2\/comments?post=375823"}],"version-history":[{"count":3,"href":"https:\/\/www.radioluna.it\/news\/wp-json\/wp\/v2\/posts\/375823\/revisions"}],"predecessor-version":[{"id":375836,"href":"https:\/\/www.radioluna.it\/news\/wp-json\/wp\/v2\/posts\/375823\/revisions\/375836"}],"wp:featuredmedia":[{"embeddable":true,"href":"https:\/\/www.radioluna.it\/news\/wp-json\/wp\/v2\/media\/375824"}],"wp:attachment":[{"href":"https:\/\/www.radioluna.it\/news\/wp-json\/wp\/v2\/media?parent=375823"}],"wp:term":[{"taxonomy":"category","embeddable":true,"href":"https:\/\/www.radioluna.it\/news\/wp-json\/wp\/v2\/categories?post=375823"},{"taxonomy":"post_tag","embeddable":true,"href":"https:\/\/www.radioluna.it\/news\/wp-json\/wp\/v2\/tags?post=375823"}],"curies":[{"name":"wp","href":"https:\/\/api.w.org\/{rel}","templated":true}]}}