{"id":375959,"date":"2025-05-07T15:26:05","date_gmt":"2025-05-07T13:26:05","guid":{"rendered":"https:\/\/www.radioluna.it\/news\/?p=375959"},"modified":"2025-05-08T13:43:45","modified_gmt":"2025-05-08T11:43:45","slug":"comitato-per-lordine-e-la-sicurezza-pubblica-disposti-piu-controlli-dopo-il-ritrovamento-della-bomba","status":"publish","type":"post","link":"https:\/\/www.radioluna.it\/news\/2025\/05\/comitato-per-lordine-e-la-sicurezza-pubblica-disposti-piu-controlli-dopo-il-ritrovamento-della-bomba\/","title":{"rendered":"Comitato per l&#8217;ordine e la sicurezza pubblica, disposti pi\u00f9 controlli dopo il ritrovamento della bomba"},"content":{"rendered":"<div id=\"fb-root\"><\/div>\n<p style=\"text-align: justify;\">Dopo il grave fatto che ha turbato la comunit\u00e0 di Latina, relativo al ritrovamento di un ordigno esplosivo in corso Matteotti, questa mattina si \u00e8 riunito il Comitato provinciale per l&#8217;ordine e la sicurezza pubblica, convocato dal Prefetto Vittoria Ciaramella, su richiesta della sindaca di Latina Matilde Celentano.<\/p>\n<p style=\"text-align: justify;\">All&#8217;incontro hanno preso parte anche il Questore di Latina, Fausto Vinci, il Comandante provinciale dei Carabinieri, Col. Christian Angelillo e il Comandante provinciale della Guardia di Finanza, Col. Giovanni Marchetti. Nel corso della riunione \u00e8 stato fatto un approfondimento sull&#8217;evento in merito al quale sono in corso attivit\u00e0 investigative serrate da parte dei Carabinieri, d&#8217;intesa con l&#8217;Autorit\u00e0 Giudiziaria. La sindaca Celentano ha tenuto a ribadire che grazie al pronto intervento degli artificieri il pericolo oggettivo che la granata potesse esplodere \u00e8 stato sventato.<\/p>\n<p style=\"text-align: justify;\">Mentre le indagini proseguono, il Prefetto ha disposto l&#8217;immediata intensificazione dei servizi di prevenzione e controllo del territorio da parte delle Forze di Polizia e ha assicurato la massima attenzione della Prefettura al fine di innalzare il livello di sicurezza percepita da parte della collettivit\u00e0.<\/p>\n<p>&nbsp;<\/p>\n","protected":false},"excerpt":{"rendered":"<p>Dopo il grave fatto che ha turbato la comunit\u00e0 di Latina, relativo al ritrovamento di un ordigno esplosivo in corso Matteotti, questa mattina si \u00e8 riunito il Comitato provinciale per l&#8217;ordine e la sicurezza pubblica, convocato dal Prefetto Vittoria Ciaramella, su richiesta della sindaca di Latina Matilde Celentano. All&#8217;incontro hanno preso parte anche il Questore [&hellip;]<\/p>\n","protected":false},"author":5443,"featured_media":375960,"comment_status":"open","ping_status":"open","sticky":false,"template":"","format":"standard","meta":{"footnotes":""},"categories":[7,2428],"tags":[],"class_list":["post-375959","post","type-post","status-publish","format-standard","has-post-thumbnail","hentry","category-cronaca","category-primo-piano"],"_links":{"self":[{"href":"https:\/\/www.radioluna.it\/news\/wp-json\/wp\/v2\/posts\/375959","targetHints":{"allow":["GET"]}}],"collection":[{"href":"https:\/\/www.radioluna.it\/news\/wp-json\/wp\/v2\/posts"}],"about":[{"href":"https:\/\/www.radioluna.it\/news\/wp-json\/wp\/v2\/types\/post"}],"author":[{"embeddable":true,"href":"https:\/\/www.radioluna.it\/news\/wp-json\/wp\/v2\/users\/5443"}],"replies":[{"embeddable":true,"href":"https:\/\/www.radioluna.it\/news\/wp-json\/wp\/v2\/comments?post=375959"}],"version-history":[{"count":1,"href":"https:\/\/www.radioluna.it\/news\/wp-json\/wp\/v2\/posts\/375959\/revisions"}],"predecessor-version":[{"id":375962,"href":"https:\/\/www.radioluna.it\/news\/wp-json\/wp\/v2\/posts\/375959\/revisions\/375962"}],"wp:featuredmedia":[{"embeddable":true,"href":"https:\/\/www.radioluna.it\/news\/wp-json\/wp\/v2\/media\/375960"}],"wp:attachment":[{"href":"https:\/\/www.radioluna.it\/news\/wp-json\/wp\/v2\/media?parent=375959"}],"wp:term":[{"taxonomy":"category","embeddable":true,"href":"https:\/\/www.radioluna.it\/news\/wp-json\/wp\/v2\/categories?post=375959"},{"taxonomy":"post_tag","embeddable":true,"href":"https:\/\/www.radioluna.it\/news\/wp-json\/wp\/v2\/tags?post=375959"}],"curies":[{"name":"wp","href":"https:\/\/api.w.org\/{rel}","templated":true}]}}