{"id":375969,"date":"2025-05-07T16:11:52","date_gmt":"2025-05-07T14:11:52","guid":{"rendered":"https:\/\/www.radioluna.it\/news\/?p=375969"},"modified":"2025-05-07T16:11:52","modified_gmt":"2025-05-07T14:11:52","slug":"il-comune-di-latina-premiato-per-il-progetto-tutti-al-mare","status":"publish","type":"post","link":"https:\/\/www.radioluna.it\/news\/2025\/05\/il-comune-di-latina-premiato-per-il-progetto-tutti-al-mare\/","title":{"rendered":"Il Comune di Latina premiato per il progetto \u201cTutti al mare\u201d"},"content":{"rendered":"<div id=\"fb-root\"><\/div>\n<p><span>Il Comune di Latina insignito del premio \u201cInnovazione Blue Economy 2025\u201d, grazie al progetto \u201cTutti al mare\u201d. A ritirare l\u2019ambito riconoscimento \u00e8 stato l\u2019assessore alla Marina Gianluca Di Cocco, su delega del sindaco Matilde Celentano, nell\u2019ambito dell\u2019evento organizzato al Gazometro di Roma, presso lo Stage Opificio 41, dalla rete d\u2019imprese \u201cI Borghi Marinari di Roma\u201d con il sostegno della Regione Lazio. \u00a0<\/span><\/p>\n<p><span>\u201cQuesto premio rappresenta il riconoscimento dell\u2019impegno profuso dall\u2019amministrazione comunale all\u2019insegna dell\u2019inclusione e della sostenibilit\u00e0\u201d, ha commentato il sindaco Celentano, ricordando che il progetto \u201cTutti al mare\u201d, gi\u00e0 finanziamento della Regione Lazio, consiste nell\u2019organizzazione di una spiaggia interamente accessibile alle persone con disabilit\u00e0. \u201cRingrazio \u2013 ha proseguito il sindaco Celentano &#8211; l\u2019assessore regionale allo Sviluppo economico Roberta Angelilli e l\u2019assessore comunale Gianluca Di Cocco per aver messo in campo un\u2019azione di sinergia istituzionale in favore della comunit\u00e0 di Latina, che ha portato all\u2019ottenimento del finanziamento nell\u2019ambito della Blue Economy e al premio di oggi, consegnato nella Rome Start Up Week, con la partecipazione del Gruppo di Azione Locale di Pesca (Galp) Regione Lazio\u201d. <\/span><\/p>\n<p><span>\u201cE\u2019 stato per me un onore ritirare il premio \u2018Innovazione Blue Economy 2025\u2019 \u2013 ha affermato l\u2019assessore Di Cocco \u2013 Ringrazio il sindaco Celentano per avermi dato questa opportunit\u00e0 e per aver condiviso il percorso seguito per portare avanti questo progetto. Il premio ricevuto \u00e8 un riconoscimento che premia la nostra citt\u00e0 e questo ci riempie di orgoglio. \u2018Tutti al mare\u2019 \u00e8 un servizio che sar\u00e0 allestito nei prossimi giorni, in concomitanza con l\u2019apertura della stagione balneare, nella spiaggia libera del tratto \u2018B\u2019 del lungomare di Latina. E\u2019 prevista l\u2019installazione di otto piazzole con ombrelloni; i camminamenti saranno dotati degli ausili per ipovedenti. L\u2019\u2019isola\u2019 sar\u00e0 dotata di sedie job, spogliatoi, di depositi per le attrezzature, di servizi igienici e di un defibrillatore. Per tutta la durata della stagione balneare sar\u00e0 presente un bagnino e un\u2019unit\u00e0 addetta al servizio di assistenza alle persone con disabilit\u00e0. Verr\u00e0 montato anche un seatrac, cio\u00e8 un dispositivo per l\u2019accesso autonomo del disabile\u00a0al\u00a0mare\u201d.<\/span><\/p>\n","protected":false},"excerpt":{"rendered":"<p>Il Comune di Latina insignito del premio \u201cInnovazione Blue Economy 2025\u201d, grazie al progetto \u201cTutti al mare\u201d. A ritirare l\u2019ambito riconoscimento \u00e8 stato l\u2019assessore alla Marina Gianluca Di Cocco, su delega del sindaco Matilde Celentano, nell\u2019ambito dell\u2019evento organizzato al Gazometro di Roma, presso lo Stage Opificio 41, dalla rete d\u2019imprese \u201cI Borghi Marinari di Roma\u201d [&hellip;]<\/p>\n","protected":false},"author":5443,"featured_media":375970,"comment_status":"open","ping_status":"open","sticky":false,"template":"","format":"standard","meta":{"footnotes":""},"categories":[735,7],"tags":[],"class_list":["post-375969","post","type-post","status-publish","format-standard","has-post-thumbnail","hentry","category-attualita","category-cronaca"],"_links":{"self":[{"href":"https:\/\/www.radioluna.it\/news\/wp-json\/wp\/v2\/posts\/375969","targetHints":{"allow":["GET"]}}],"collection":[{"href":"https:\/\/www.radioluna.it\/news\/wp-json\/wp\/v2\/posts"}],"about":[{"href":"https:\/\/www.radioluna.it\/news\/wp-json\/wp\/v2\/types\/post"}],"author":[{"embeddable":true,"href":"https:\/\/www.radioluna.it\/news\/wp-json\/wp\/v2\/users\/5443"}],"replies":[{"embeddable":true,"href":"https:\/\/www.radioluna.it\/news\/wp-json\/wp\/v2\/comments?post=375969"}],"version-history":[{"count":1,"href":"https:\/\/www.radioluna.it\/news\/wp-json\/wp\/v2\/posts\/375969\/revisions"}],"predecessor-version":[{"id":375971,"href":"https:\/\/www.radioluna.it\/news\/wp-json\/wp\/v2\/posts\/375969\/revisions\/375971"}],"wp:featuredmedia":[{"embeddable":true,"href":"https:\/\/www.radioluna.it\/news\/wp-json\/wp\/v2\/media\/375970"}],"wp:attachment":[{"href":"https:\/\/www.radioluna.it\/news\/wp-json\/wp\/v2\/media?parent=375969"}],"wp:term":[{"taxonomy":"category","embeddable":true,"href":"https:\/\/www.radioluna.it\/news\/wp-json\/wp\/v2\/categories?post=375969"},{"taxonomy":"post_tag","embeddable":true,"href":"https:\/\/www.radioluna.it\/news\/wp-json\/wp\/v2\/tags?post=375969"}],"curies":[{"name":"wp","href":"https:\/\/api.w.org\/{rel}","templated":true}]}}