{"id":375996,"date":"2025-05-08T08:55:23","date_gmt":"2025-05-08T06:55:23","guid":{"rendered":"https:\/\/www.radioluna.it\/news\/?p=375996"},"modified":"2025-05-08T16:18:20","modified_gmt":"2025-05-08T14:18:20","slug":"giornata-mondiale-della-croce-rossa-le-iniziative-a-latina-e-provincia","status":"publish","type":"post","link":"https:\/\/www.radioluna.it\/news\/2025\/05\/giornata-mondiale-della-croce-rossa-le-iniziative-a-latina-e-provincia\/","title":{"rendered":"Giornata Mondiale della Croce Rossa: le iniziative a Latina e provincia"},"content":{"rendered":"<div id=\"fb-root\"><\/div>\n<p style=\"text-align: justify;\">Oggi si celebra la Giornata Mondiale della Croce Rossa Italiana e della Mezzaluna Rossa, che ricorre ogni anno l&#8217;8 maggio, in onore della nascita di Henry Dunant, fondatore del Movimento e primo Premio Nobel per la Pace. Per l\u2019occasione il Comune di Latina insieme ad altri comuni della provincia espongono con orgoglio la bandiera della CRI ricordando l\u2019importanza dei valori di umanit\u00e0, neutralit\u00e0 e solidariet\u00e0 che la Croce Rossa Italiana rappresenta.<\/p>\n<p style=\"text-align: justify;\">Sono tante le iniziative che in questi giorni si organizzano per celebrare questa data:<\/p>\n<p style=\"text-align: justify;\">Domenica 11 maggio in piazza del popolo a Latina e poi a Terracina e Cisterna ci sar\u00e0 l\u2019esposizione della nuova ambulanza e dimostrazione delle manovre salvavita. Ci sar\u00e0 anche un punto informativo del Comitato per la promozione del volontariato e delle attivit\u00e0 con volontari della CRI.<\/p>\n<p style=\"text-align: justify;\">Sabato 10 maggio il comitato di Aprilia organizza l\u2019evento \u201cLa Salute \u00e8 nelle tue mani\u201d presso il CC Aprilia 2 con screening e consulto a tema prevenzione mentre domenica 11 maggio a Piazza Roma si terr\u00e0 l\u2019Open Day della CRI con un focus sull\u2019educazione alla sicurezza stradale.<\/p>\n<p style=\"text-align: justify;\">Domani a Formia il Comitato Sud Pontino ha organizzato un convegno sulla donazione degli organi presso il Comune e contemporaneamente nella pizza di fronte si terr\u00e0 un\u2019esercitazione di pronto soccorso.<\/p>\n<p style=\"text-align: justify;\">A Fondi organizzate lezioni informative massive di manovre salvavita oltre ad attivit\u00e0 di educazione alla sicurezza stradale.<\/p>\n","protected":false},"excerpt":{"rendered":"<p>Oggi si celebra la Giornata Mondiale della Croce Rossa Italiana e della Mezzaluna Rossa, che ricorre ogni anno l&#8217;8 maggio, in onore della nascita di Henry Dunant, fondatore del Movimento e primo Premio Nobel per la Pace. Per l\u2019occasione il Comune di Latina insieme ad altri comuni della provincia espongono con orgoglio la bandiera della [&hellip;]<\/p>\n","protected":false},"author":5443,"featured_media":375997,"comment_status":"open","ping_status":"open","sticky":false,"template":"","format":"standard","meta":{"footnotes":""},"categories":[16,735],"tags":[],"class_list":["post-375996","post","type-post","status-publish","format-standard","has-post-thumbnail","hentry","category-appuntamenti","category-attualita"],"_links":{"self":[{"href":"https:\/\/www.radioluna.it\/news\/wp-json\/wp\/v2\/posts\/375996","targetHints":{"allow":["GET"]}}],"collection":[{"href":"https:\/\/www.radioluna.it\/news\/wp-json\/wp\/v2\/posts"}],"about":[{"href":"https:\/\/www.radioluna.it\/news\/wp-json\/wp\/v2\/types\/post"}],"author":[{"embeddable":true,"href":"https:\/\/www.radioluna.it\/news\/wp-json\/wp\/v2\/users\/5443"}],"replies":[{"embeddable":true,"href":"https:\/\/www.radioluna.it\/news\/wp-json\/wp\/v2\/comments?post=375996"}],"version-history":[{"count":1,"href":"https:\/\/www.radioluna.it\/news\/wp-json\/wp\/v2\/posts\/375996\/revisions"}],"predecessor-version":[{"id":375998,"href":"https:\/\/www.radioluna.it\/news\/wp-json\/wp\/v2\/posts\/375996\/revisions\/375998"}],"wp:featuredmedia":[{"embeddable":true,"href":"https:\/\/www.radioluna.it\/news\/wp-json\/wp\/v2\/media\/375997"}],"wp:attachment":[{"href":"https:\/\/www.radioluna.it\/news\/wp-json\/wp\/v2\/media?parent=375996"}],"wp:term":[{"taxonomy":"category","embeddable":true,"href":"https:\/\/www.radioluna.it\/news\/wp-json\/wp\/v2\/categories?post=375996"},{"taxonomy":"post_tag","embeddable":true,"href":"https:\/\/www.radioluna.it\/news\/wp-json\/wp\/v2\/tags?post=375996"}],"curies":[{"name":"wp","href":"https:\/\/api.w.org\/{rel}","templated":true}]}}