{"id":376044,"date":"2025-05-08T15:19:19","date_gmt":"2025-05-08T13:19:19","guid":{"rendered":"https:\/\/www.radioluna.it\/news\/?p=376044"},"modified":"2025-05-09T17:14:32","modified_gmt":"2025-05-09T15:14:32","slug":"latina-ospita-appassionatamente-due-giornate-di-dialogo-sulla-salute-mentale-tra-studenti-universitari-e-professionisti","status":"publish","type":"post","link":"https:\/\/www.radioluna.it\/news\/2025\/05\/latina-ospita-appassionatamente-due-giornate-di-dialogo-sulla-salute-mentale-tra-studenti-universitari-e-professionisti\/","title":{"rendered":"Latina ospita &#8220;Appassionatamente&#8221;: due giornate di dialogo sulla salute mentale tra studenti universitari e professionisti"},"content":{"rendered":"<div id=\"fb-root\"><\/div>\n<p style=\"text-align: justify;\"><strong>LATINA<\/strong> &#8211; La citt\u00e0 di Latina si prepara ad accogliere &#8220;Appassionatamente&#8221;, un evento dedicato alla salute mentale che vedr\u00e0 protagonisti studenti universitari, esperti del settore e professionisti della salute mentale. L\u2019iniziativa, promossa dalla Fondazione Massimo Fagioli, Sapienza Universit\u00e0 di Roma, sede di Latina, e WAVES APS si terr\u00e0 presso la Facolt\u00e0 di Medicina in Corso della Repubblica 179.<\/p>\n<p style=\"text-align: justify;\">L\u2019evento nasce con l\u2019obiettivo di sensibilizzare e formare i giovani sui disturbi del neurosviluppo nell\u2019infanzia e sul disagio psicologico in adolescenza, offrendo uno spazio di confronto e dialogo tra studenti e operatori del settore.<\/p>\n<p style=\"text-align: justify;\">\u00a0La prima giornata dell\u2019evento si terr\u00e0 il 9 maggio 2025, dalle ore 16:00 alle 18:00, e sar\u00e0 dedicata a un dialogo sull\u2019infanzia e preadolescenza, con particolare attenzione ai disturbi del comportamento e dell\u2019apprendimento. I saluti introduttivi saranno affidati alla Prof.ssa Donatella Ponti, Presidente del corso di Laurea in TNPEE, mentre la moderazione sar\u00e0 curata dalla Dott.ssa Elisabetta De Marinis della Sapienza Universit\u00e0 di Roma. Durante l\u2019incontro interverranno Alessio Giamp\u00e0, psichiatra e psicoterapeuta, Marco Randisi, psicologo e psicoterapeuta, ed esponenti dell\u2019associazione WAVES APS come Eugenia Riccardo, Jessica Mantuano e Chiara Villani, oltre al contributo del Dott. Gaspare Ferraioli, psichiatra.<\/p>\n<p style=\"text-align: justify;\">Il secondo appuntamento \u00e8 previsto per il 23 maggio 2025, dalle ore 18:00 alle 20:00, e sar\u00e0 focalizzato sul delicato tema dell\u2019adolescenza, in particolare sull\u2019ansia, la depressione e l\u2019abuso di sostanze come forme di autoterapia. A intervenire saranno i psichiatri e psicoterapeuti Franco Montebovi, Francesca Padrevecchi e Floriana Coletta, insieme a Francesco Muollo, Vicepreside dell\u2019Istituto Comprensivo Alessandro Volta di Latina.<\/p>\n<p style=\"text-align: justify;\">L\u2019evento si propone di offrire una preziosa occasione di crescita, non solo per i giovani partecipanti ma anche per gli addetti ai lavori, creando un ponte tra il mondo accademico e quello clinico. Gli studenti avranno l\u2019opportunit\u00e0 di confrontarsi con esperti del settore, approfondendo temi cruciali per la loro formazione e per il futuro professionale.<\/p>\n<p style=\"text-align: justify;\">\n","protected":false},"excerpt":{"rendered":"<p>LATINA &#8211; La citt\u00e0 di Latina si prepara ad accogliere &#8220;Appassionatamente&#8221;, un evento dedicato alla salute mentale che vedr\u00e0 protagonisti studenti universitari, esperti del settore e professionisti della salute mentale. L\u2019iniziativa, promossa dalla Fondazione Massimo Fagioli, Sapienza Universit\u00e0 di Roma, sede di Latina, e WAVES APS si terr\u00e0 presso la Facolt\u00e0 di Medicina in Corso [&hellip;]<\/p>\n","protected":false},"author":62,"featured_media":376045,"comment_status":"open","ping_status":"open","sticky":false,"template":"","format":"standard","meta":{"footnotes":""},"categories":[734,248],"tags":[],"class_list":["post-376044","post","type-post","status-publish","format-standard","has-post-thumbnail","hentry","category-evidenza","category-istruzione"],"_links":{"self":[{"href":"https:\/\/www.radioluna.it\/news\/wp-json\/wp\/v2\/posts\/376044","targetHints":{"allow":["GET"]}}],"collection":[{"href":"https:\/\/www.radioluna.it\/news\/wp-json\/wp\/v2\/posts"}],"about":[{"href":"https:\/\/www.radioluna.it\/news\/wp-json\/wp\/v2\/types\/post"}],"author":[{"embeddable":true,"href":"https:\/\/www.radioluna.it\/news\/wp-json\/wp\/v2\/users\/62"}],"replies":[{"embeddable":true,"href":"https:\/\/www.radioluna.it\/news\/wp-json\/wp\/v2\/comments?post=376044"}],"version-history":[{"count":1,"href":"https:\/\/www.radioluna.it\/news\/wp-json\/wp\/v2\/posts\/376044\/revisions"}],"predecessor-version":[{"id":376046,"href":"https:\/\/www.radioluna.it\/news\/wp-json\/wp\/v2\/posts\/376044\/revisions\/376046"}],"wp:featuredmedia":[{"embeddable":true,"href":"https:\/\/www.radioluna.it\/news\/wp-json\/wp\/v2\/media\/376045"}],"wp:attachment":[{"href":"https:\/\/www.radioluna.it\/news\/wp-json\/wp\/v2\/media?parent=376044"}],"wp:term":[{"taxonomy":"category","embeddable":true,"href":"https:\/\/www.radioluna.it\/news\/wp-json\/wp\/v2\/categories?post=376044"},{"taxonomy":"post_tag","embeddable":true,"href":"https:\/\/www.radioluna.it\/news\/wp-json\/wp\/v2\/tags?post=376044"}],"curies":[{"name":"wp","href":"https:\/\/api.w.org\/{rel}","templated":true}]}}