{"id":376099,"date":"2025-05-09T11:04:23","date_gmt":"2025-05-09T09:04:23","guid":{"rendered":"https:\/\/www.radioluna.it\/news\/?p=376099"},"modified":"2025-05-09T13:38:53","modified_gmt":"2025-05-09T11:38:53","slug":"auto-in-fiamma-ad-aprilia-trovato-linnesco","status":"publish","type":"post","link":"https:\/\/www.radioluna.it\/news\/2025\/05\/auto-in-fiamma-ad-aprilia-trovato-linnesco\/","title":{"rendered":"Auto in fiamme ad Aprilia, trovato l\u2019innesco"},"content":{"rendered":"<div id=\"fb-root\"><\/div>\n<p>APRILIA &#8211; Auto in fiamme ad Aprilia, si indaga sull\u2019ipotesi dolosa. I Carabinieri sono intervenuti per l\u2019incendio  dell\u2019auto  di propriet\u00e0 di un 37enne del posto, gi\u00e0 noto alle forze di polizia. Nonostante le fiamme fossero state gi\u00e0 domate dal proprietario, i Carabinieri di Aprilia durante il sopralluogo insieme ai Vigili del Fuoco, hanno ritrovato un innesco, che lascia pensare alla matrice dolosa. Indagini in corso <\/p>\n","protected":false},"excerpt":{"rendered":"<p>APRILIA &#8211; Auto in fiamme ad Aprilia, si indaga sull\u2019ipotesi dolosa. I Carabinieri sono intervenuti per l\u2019incendio dell\u2019auto di propriet\u00e0 di un 37enne del posto, gi\u00e0 noto alle forze di polizia. Nonostante le fiamme fossero state gi\u00e0 domate dal proprietario, i Carabinieri di Aprilia durante il sopralluogo insieme ai Vigili del Fuoco, hanno ritrovato un [&hellip;]<\/p>\n","protected":false},"author":5444,"featured_media":376100,"comment_status":"open","ping_status":"open","sticky":false,"template":"","format":"standard","meta":{"footnotes":""},"categories":[7,2428],"tags":[],"class_list":["post-376099","post","type-post","status-publish","format-standard","has-post-thumbnail","hentry","category-cronaca","category-primo-piano"],"_links":{"self":[{"href":"https:\/\/www.radioluna.it\/news\/wp-json\/wp\/v2\/posts\/376099","targetHints":{"allow":["GET"]}}],"collection":[{"href":"https:\/\/www.radioluna.it\/news\/wp-json\/wp\/v2\/posts"}],"about":[{"href":"https:\/\/www.radioluna.it\/news\/wp-json\/wp\/v2\/types\/post"}],"author":[{"embeddable":true,"href":"https:\/\/www.radioluna.it\/news\/wp-json\/wp\/v2\/users\/5444"}],"replies":[{"embeddable":true,"href":"https:\/\/www.radioluna.it\/news\/wp-json\/wp\/v2\/comments?post=376099"}],"version-history":[{"count":2,"href":"https:\/\/www.radioluna.it\/news\/wp-json\/wp\/v2\/posts\/376099\/revisions"}],"predecessor-version":[{"id":376111,"href":"https:\/\/www.radioluna.it\/news\/wp-json\/wp\/v2\/posts\/376099\/revisions\/376111"}],"wp:featuredmedia":[{"embeddable":true,"href":"https:\/\/www.radioluna.it\/news\/wp-json\/wp\/v2\/media\/376100"}],"wp:attachment":[{"href":"https:\/\/www.radioluna.it\/news\/wp-json\/wp\/v2\/media?parent=376099"}],"wp:term":[{"taxonomy":"category","embeddable":true,"href":"https:\/\/www.radioluna.it\/news\/wp-json\/wp\/v2\/categories?post=376099"},{"taxonomy":"post_tag","embeddable":true,"href":"https:\/\/www.radioluna.it\/news\/wp-json\/wp\/v2\/tags?post=376099"}],"curies":[{"name":"wp","href":"https:\/\/api.w.org\/{rel}","templated":true}]}}