{"id":376103,"date":"2025-05-09T11:32:23","date_gmt":"2025-05-09T09:32:23","guid":{"rendered":"https:\/\/www.radioluna.it\/news\/?p=376103"},"modified":"2025-05-09T17:14:24","modified_gmt":"2025-05-09T15:14:24","slug":"ha-spaccato-i-vetri-di-furgone-e-auto-della-stessa-persona-scoperto-dopo-2-giorni","status":"publish","type":"post","link":"https:\/\/www.radioluna.it\/news\/2025\/05\/ha-spaccato-i-vetri-di-furgone-e-auto-della-stessa-persona-scoperto-dopo-2-giorni\/","title":{"rendered":"Ha spaccato i vetri di furgone e auto della stessa persona, scoperto dopo 2 giorni"},"content":{"rendered":"<div id=\"fb-root\"><\/div>\n<p>Latina: i Carabinieri denunciano un quarantenne per danneggiamento<br \/>\nHa spaccato i cristalli dell\u2019auto e di un furgone della stessa persona parcheggiati davanti la sua abitazione \u00e8 stato scoperto, ma \u00e8 in carcere gi\u00e0 per altri reati.  La denuncia da parte della vittima era scattata il 6 maggio quando l\u2019uomo si \u00e8 accorto di quanto accaduto. Ieri i carabinieri al termine delle indagini sono risaliti all\u2019autore, un 40enne del posto, e lo hanno rintracciato. L\u2019uomo \u00e8 attualmente detenuto presso la Casa Circondariale di Latina per altri motivi.<\/p>\n","protected":false},"excerpt":{"rendered":"<p>Latina: i Carabinieri denunciano un quarantenne per danneggiamento Ha spaccato i cristalli dell\u2019auto e di un furgone della stessa persona parcheggiati davanti la sua abitazione \u00e8 stato scoperto, ma \u00e8 in carcere gi\u00e0 per altri reati. La denuncia da parte della vittima era scattata il 6 maggio quando l\u2019uomo si \u00e8 accorto di quanto accaduto. [&hellip;]<\/p>\n","protected":false},"author":5444,"featured_media":374352,"comment_status":"open","ping_status":"open","sticky":false,"template":"","format":"standard","meta":{"footnotes":""},"categories":[7,2428],"tags":[],"class_list":["post-376103","post","type-post","status-publish","format-standard","has-post-thumbnail","hentry","category-cronaca","category-primo-piano"],"_links":{"self":[{"href":"https:\/\/www.radioluna.it\/news\/wp-json\/wp\/v2\/posts\/376103","targetHints":{"allow":["GET"]}}],"collection":[{"href":"https:\/\/www.radioluna.it\/news\/wp-json\/wp\/v2\/posts"}],"about":[{"href":"https:\/\/www.radioluna.it\/news\/wp-json\/wp\/v2\/types\/post"}],"author":[{"embeddable":true,"href":"https:\/\/www.radioluna.it\/news\/wp-json\/wp\/v2\/users\/5444"}],"replies":[{"embeddable":true,"href":"https:\/\/www.radioluna.it\/news\/wp-json\/wp\/v2\/comments?post=376103"}],"version-history":[{"count":1,"href":"https:\/\/www.radioluna.it\/news\/wp-json\/wp\/v2\/posts\/376103\/revisions"}],"predecessor-version":[{"id":376104,"href":"https:\/\/www.radioluna.it\/news\/wp-json\/wp\/v2\/posts\/376103\/revisions\/376104"}],"wp:featuredmedia":[{"embeddable":true,"href":"https:\/\/www.radioluna.it\/news\/wp-json\/wp\/v2\/media\/374352"}],"wp:attachment":[{"href":"https:\/\/www.radioluna.it\/news\/wp-json\/wp\/v2\/media?parent=376103"}],"wp:term":[{"taxonomy":"category","embeddable":true,"href":"https:\/\/www.radioluna.it\/news\/wp-json\/wp\/v2\/categories?post=376103"},{"taxonomy":"post_tag","embeddable":true,"href":"https:\/\/www.radioluna.it\/news\/wp-json\/wp\/v2\/tags?post=376103"}],"curies":[{"name":"wp","href":"https:\/\/api.w.org\/{rel}","templated":true}]}}