{"id":376235,"date":"2025-05-10T18:18:19","date_gmt":"2025-05-10T16:18:19","guid":{"rendered":"https:\/\/www.radioluna.it\/news\/?p=376235"},"modified":"2025-05-12T08:24:39","modified_gmt":"2025-05-12T06:24:39","slug":"cisterna-volley-fanizza-vestira-la-maglia-azzurra-della-nazionale","status":"publish","type":"post","link":"https:\/\/www.radioluna.it\/news\/2025\/05\/cisterna-volley-fanizza-vestira-la-maglia-azzurra-della-nazionale\/","title":{"rendered":"Cisterna Volley, Fanizza vestir\u00e0 la maglia azzurra della Nazionale"},"content":{"rendered":"<div id=\"fb-root\"><\/div>\n<p style=\"text-align: justify;\">Dopo la convocazione del libero Domenico Pace, anche il palleggiatore Alessandro Fanizza vestir\u00e0 la maglia azzurra della Nazionale. A partire dal 12 luglio, Fanizza si unir\u00e0 al gruppo della nazionale seniores guidata dal commissario tecnico Ferdinando De Giorgi.<\/p>\n<p style=\"text-align: justify;\">Alla sua prima stagione assoluta in SuperLega Credem Banca, Fanizza ha dato un contributo determinante al raggiungimento di due traguardi storici per il club: la qualificazione alla Del Monte\u00ae Coppa Italia e ai Playoff Scudetto. Ora, il giovane palleggiatore avr\u00e0 l\u2019opportunit\u00e0 di vivere un\u2019esperienza di altissimo livello con la nazionale maggiore, insieme al compagno di squadra Domenico Pace, portando anche in azzurro i colori del Cisterna Volley. La Nazionale maschile si raduner\u00e0 dal 12 al 18 maggio a Cavalese (TN) per il primo collegiale stagionale, dopo la presentazione ufficiale dello scorso 6 maggio a Milano. Gli azzurri, campioni del mondo in carica, inizieranno la preparazione in vista della Volleyball Nations League 2025, al via l\u201911 giugno a Quebec City (Canada). Prima di partire, sosterranno tre prestigiose amichevoli: il 25 maggio a Monaco di Baviera contro la Germania, il 30 maggio a Cavalese e il 31 maggio a Padova contro l\u2019Iran.<\/p>\n<p style=\"text-align: justify;\">Queste le parole di Alessandro Fanizza: \u201cIndossare la maglia della Nazionale \u00e8 sempre un\u2019emozione straordinaria e un grande onore. Gran parte del merito va certamente al Cisterna Volley, per la stagione che abbiamo vissuto insieme e per la fiducia che il club ha riposto in me. Aver avuto l\u2019opportunit\u00e0 di scendere in campo da titolare in SuperLega per diverse partite non \u00e8 qualcosa di scontato, e per questo sono particolarmente grato alla societ\u00e0. Per quanto riguarda la convocazione nel gruppo A, mi aspetto un periodo di intenso lavoro e alta intensit\u00e0. In questi giorni mi sto preparando per mantenere la forma, alternando sedute di pesi, e non vedo l\u2019ora di unirmi al gruppo e dare il massimo. Tornare in Azzurro dopo un anno di SuperLega ha un significato speciale: essere parte del giro della Nazionale \u00e8 sempre un\u2019emozione unica, e credo di affrontare questa esperienza con maggiore consapevolezza rispetto al passato. L\u2019esperienza maturata al Cisterna Volley, soprattutto nelle partite giocate da titolare, mi ha dato molto e ora non vedo l\u2019ora di potermi confrontare e crescere insieme agli altri ragazzi\u201d.<\/p>\n<p>&nbsp;<\/p>\n","protected":false},"excerpt":{"rendered":"<p>Dopo la convocazione del libero Domenico Pace, anche il palleggiatore Alessandro Fanizza vestir\u00e0 la maglia azzurra della Nazionale. A partire dal 12 luglio, Fanizza si unir\u00e0 al gruppo della nazionale seniores guidata dal commissario tecnico Ferdinando De Giorgi. Alla sua prima stagione assoluta in SuperLega Credem Banca, Fanizza ha dato un contributo determinante al raggiungimento [&hellip;]<\/p>\n","protected":false},"author":5443,"featured_media":376238,"comment_status":"open","ping_status":"open","sticky":false,"template":"","format":"standard","meta":{"footnotes":""},"categories":[734,17],"tags":[],"class_list":["post-376235","post","type-post","status-publish","format-standard","has-post-thumbnail","hentry","category-evidenza","category-sport"],"_links":{"self":[{"href":"https:\/\/www.radioluna.it\/news\/wp-json\/wp\/v2\/posts\/376235","targetHints":{"allow":["GET"]}}],"collection":[{"href":"https:\/\/www.radioluna.it\/news\/wp-json\/wp\/v2\/posts"}],"about":[{"href":"https:\/\/www.radioluna.it\/news\/wp-json\/wp\/v2\/types\/post"}],"author":[{"embeddable":true,"href":"https:\/\/www.radioluna.it\/news\/wp-json\/wp\/v2\/users\/5443"}],"replies":[{"embeddable":true,"href":"https:\/\/www.radioluna.it\/news\/wp-json\/wp\/v2\/comments?post=376235"}],"version-history":[{"count":1,"href":"https:\/\/www.radioluna.it\/news\/wp-json\/wp\/v2\/posts\/376235\/revisions"}],"predecessor-version":[{"id":376239,"href":"https:\/\/www.radioluna.it\/news\/wp-json\/wp\/v2\/posts\/376235\/revisions\/376239"}],"wp:featuredmedia":[{"embeddable":true,"href":"https:\/\/www.radioluna.it\/news\/wp-json\/wp\/v2\/media\/376238"}],"wp:attachment":[{"href":"https:\/\/www.radioluna.it\/news\/wp-json\/wp\/v2\/media?parent=376235"}],"wp:term":[{"taxonomy":"category","embeddable":true,"href":"https:\/\/www.radioluna.it\/news\/wp-json\/wp\/v2\/categories?post=376235"},{"taxonomy":"post_tag","embeddable":true,"href":"https:\/\/www.radioluna.it\/news\/wp-json\/wp\/v2\/tags?post=376235"}],"curies":[{"name":"wp","href":"https:\/\/api.w.org\/{rel}","templated":true}]}}