{"id":376236,"date":"2025-05-10T16:33:44","date_gmt":"2025-05-10T14:33:44","guid":{"rendered":"https:\/\/www.radioluna.it\/news\/?p=376236"},"modified":"2025-05-12T08:23:47","modified_gmt":"2025-05-12T06:23:47","slug":"grave-incidente-sulla-pontina-in-localita-porto-badino-motociclista-elitrasportato-a-roma","status":"publish","type":"post","link":"https:\/\/www.radioluna.it\/news\/2025\/05\/grave-incidente-sulla-pontina-in-localita-porto-badino-motociclista-elitrasportato-a-roma\/","title":{"rendered":"Grave incidente sulla Pontina in localit\u00e0 Porto Badino, motociclista elitrasportato a Roma"},"content":{"rendered":"<div id=\"fb-root\"><\/div>\n<p style=\"text-align: justify;\">Un grave incidente si \u00e8 verificato nel primo pomeriggio di oggi lungo la strada statale 148 \u201cPontina\u201d, nel territorio di Terracina, in localit\u00e0 Porto Badino, all\u2019altezza del chilometro 104,800. Nel sinistro sono rimasti coinvolti una moto e un\u2019autovettura. Ad avere la peggio \u00e8 stato il motociclista, soccorso dai sanitari del 118 e trasportato d\u2019urgenza in eliambulanza in un ospedale della Capitale, a causa delle gravi ferite riportate. Le cause dell\u2019incidente sono ancora in corso di accertamento. Sul posto sono intervenute le pattuglie della Polizia Stradale e della Polizia Locale di Terracina per i rilievi del caso, insieme al personale dell\u2019Anas, che ha lavorato per ripristinare al pi\u00f9 presto le condizioni di sicurezza e la viabilit\u00e0. Per consentire le operazioni di soccorso e messa in sicurezza, il tratto di strada interessato \u00e8 stato chiuso temporaneamente in entrambe le direzioni. Il traffico \u00e8 stato deviato su percorsi alternativi, come comunicato da Anas, con segnaletica presente sul posto per guidare gli automobilisti.<\/p>\n","protected":false},"excerpt":{"rendered":"<p>Un grave incidente si \u00e8 verificato nel primo pomeriggio di oggi lungo la strada statale 148 \u201cPontina\u201d, nel territorio di Terracina, in localit\u00e0 Porto Badino, all\u2019altezza del chilometro 104,800. Nel sinistro sono rimasti coinvolti una moto e un\u2019autovettura. Ad avere la peggio \u00e8 stato il motociclista, soccorso dai sanitari del 118 e trasportato d\u2019urgenza in [&hellip;]<\/p>\n","protected":false},"author":5443,"featured_media":373111,"comment_status":"open","ping_status":"open","sticky":false,"template":"","format":"standard","meta":{"footnotes":""},"categories":[7,2428],"tags":[],"class_list":["post-376236","post","type-post","status-publish","format-standard","has-post-thumbnail","hentry","category-cronaca","category-primo-piano"],"_links":{"self":[{"href":"https:\/\/www.radioluna.it\/news\/wp-json\/wp\/v2\/posts\/376236","targetHints":{"allow":["GET"]}}],"collection":[{"href":"https:\/\/www.radioluna.it\/news\/wp-json\/wp\/v2\/posts"}],"about":[{"href":"https:\/\/www.radioluna.it\/news\/wp-json\/wp\/v2\/types\/post"}],"author":[{"embeddable":true,"href":"https:\/\/www.radioluna.it\/news\/wp-json\/wp\/v2\/users\/5443"}],"replies":[{"embeddable":true,"href":"https:\/\/www.radioluna.it\/news\/wp-json\/wp\/v2\/comments?post=376236"}],"version-history":[{"count":1,"href":"https:\/\/www.radioluna.it\/news\/wp-json\/wp\/v2\/posts\/376236\/revisions"}],"predecessor-version":[{"id":376237,"href":"https:\/\/www.radioluna.it\/news\/wp-json\/wp\/v2\/posts\/376236\/revisions\/376237"}],"wp:featuredmedia":[{"embeddable":true,"href":"https:\/\/www.radioluna.it\/news\/wp-json\/wp\/v2\/media\/373111"}],"wp:attachment":[{"href":"https:\/\/www.radioluna.it\/news\/wp-json\/wp\/v2\/media?parent=376236"}],"wp:term":[{"taxonomy":"category","embeddable":true,"href":"https:\/\/www.radioluna.it\/news\/wp-json\/wp\/v2\/categories?post=376236"},{"taxonomy":"post_tag","embeddable":true,"href":"https:\/\/www.radioluna.it\/news\/wp-json\/wp\/v2\/tags?post=376236"}],"curies":[{"name":"wp","href":"https:\/\/api.w.org\/{rel}","templated":true}]}}