{"id":376303,"date":"2025-05-12T09:05:31","date_gmt":"2025-05-12T07:05:31","guid":{"rendered":"https:\/\/www.radioluna.it\/news\/?p=376303"},"modified":"2025-05-13T16:47:28","modified_gmt":"2025-05-13T14:47:28","slug":"progetto-climax-al-liceo-majorana-di-latina-una-lezione-sullimpatto-ambientale-del-fast-fashion","status":"publish","type":"post","link":"https:\/\/www.radioluna.it\/news\/2025\/05\/progetto-climax-al-liceo-majorana-di-latina-una-lezione-sullimpatto-ambientale-del-fast-fashion\/","title":{"rendered":"Progetto Climax, al Liceo Majorana di Latina una lezione sull&#8217;impatto ambientale del fast fashion"},"content":{"rendered":"<div id=\"fb-root\"><\/div>\n<p style=\"text-align: justify;\"><strong>LATINA &#8211;<\/strong> Fast fashion e il suo impatto ambientale sono al centro dell&#8217;incontro conclusivo del\u00a0 progetto Climax, curato dall\u2019APS Altri Caratteri e rivolto agli studenti del Liceo Scientifico Ettore Majorana di Latina per aumentare le loro conoscenze sui grandi temi della sostenibilit\u00e0 ambientale. Il percorso ha gi\u00e0 toccato gli argomenti del risparmio energetico, riciclo, alimentazione sostenibile, cambiamento climatico, sostenibilit\u00e0 aziendale e mobilit\u00e0. Il nuovo appuntamento \u00e8 per luned\u00ec 12 maggio 2025 con Sara Dellabella, giornalista dell\u2019agenzia AGI esperta di economia circolare, gi\u00e0 collaboratrice al dossier &#8220;Sfide per un tessile circolare&#8221; in sinergia con Ecomondo. L\u2019incontro prevede una parte introduttiva dedicata all\u2019analisi del fenomeno fast fashion, seguita da un momento interattivo con un quiz rivolto agli studenti, per stimolare riflessioni e partecipazione attiva.<img loading=\"lazy\" decoding=\"async\" class=\"wp-image-376305 alignright\" src=\"https:\/\/www.radioluna.it\/news\/wp-content\/uploads\/2025\/05\/Locandina-Climad-Fast-fashion.jpeg\" alt=\"\" width=\"283\" height=\"400\" srcset=\"https:\/\/www.radioluna.it\/news\/wp-content\/uploads\/2025\/05\/Locandina-Climad-Fast-fashion.jpeg 1358w, https:\/\/www.radioluna.it\/news\/wp-content\/uploads\/2025\/05\/Locandina-Climad-Fast-fashion-768x1086.jpeg 768w, https:\/\/www.radioluna.it\/news\/wp-content\/uploads\/2025\/05\/Locandina-Climad-Fast-fashion-1086x1536.jpeg 1086w\" sizes=\"auto, (max-width: 283px) 100vw, 283px\" \/><\/p>\n<p style=\"text-align: justify;\">Il progetto CLIMAX, riconosciuto come valido PCTO (Percorsi per le Competenze Trasversali e l\u2019Orientamento), ha coinvolto gli studenti in un laboratorio di comunicazione incentrato sulla fotografia naturalistica e sull\u2019uso consapevole dei social media. &#8220;Un percorso formativo di 20 ore che ha permesso ai ragazzi di acquisire competenze concrete e attuali nel campo della divulgazione ambientale&#8221;, dicono dall&#8217;Aps Altri Caratteri.<\/p>\n<p style=\"text-align: justify;\">Tra i risultati pi\u00f9 significativi del progetto, la creazione dell\u2019account Instagram @GreenMajorana, interamente gestito dagli studenti, dedicato alla promozione di contenuti green e alla sensibilizzazione ambientale tra i coetanei. A coronamento del lavoro svolto, le fotografie realizzate durante il laboratorio saranno esposte in una mostra finale presso la Libreria Feltrinelli di Latina.<\/p>\n<p style=\"text-align: justify;\">L\u2019iniziativa \u00e8 realizzata grazie al supporto di ETS, societ\u00e0 di ingegneria leader nazionale nella progettazione innovativa e sostenibile di infrastrutture.<\/p>\n<p style=\"text-align: justify;\">\n","protected":false},"excerpt":{"rendered":"<p>LATINA &#8211; Fast fashion e il suo impatto ambientale sono al centro dell&#8217;incontro conclusivo del\u00a0 progetto Climax, curato dall\u2019APS Altri Caratteri e rivolto agli studenti del Liceo Scientifico Ettore Majorana di Latina per aumentare le loro conoscenze sui grandi temi della sostenibilit\u00e0 ambientale. Il percorso ha gi\u00e0 toccato gli argomenti del risparmio energetico, riciclo, alimentazione [&hellip;]<\/p>\n","protected":false},"author":62,"featured_media":107100,"comment_status":"open","ping_status":"open","sticky":false,"template":"","format":"standard","meta":{"footnotes":""},"categories":[734,248],"tags":[],"class_list":["post-376303","post","type-post","status-publish","format-standard","has-post-thumbnail","hentry","category-evidenza","category-istruzione"],"_links":{"self":[{"href":"https:\/\/www.radioluna.it\/news\/wp-json\/wp\/v2\/posts\/376303","targetHints":{"allow":["GET"]}}],"collection":[{"href":"https:\/\/www.radioluna.it\/news\/wp-json\/wp\/v2\/posts"}],"about":[{"href":"https:\/\/www.radioluna.it\/news\/wp-json\/wp\/v2\/types\/post"}],"author":[{"embeddable":true,"href":"https:\/\/www.radioluna.it\/news\/wp-json\/wp\/v2\/users\/62"}],"replies":[{"embeddable":true,"href":"https:\/\/www.radioluna.it\/news\/wp-json\/wp\/v2\/comments?post=376303"}],"version-history":[{"count":1,"href":"https:\/\/www.radioluna.it\/news\/wp-json\/wp\/v2\/posts\/376303\/revisions"}],"predecessor-version":[{"id":376306,"href":"https:\/\/www.radioluna.it\/news\/wp-json\/wp\/v2\/posts\/376303\/revisions\/376306"}],"wp:featuredmedia":[{"embeddable":true,"href":"https:\/\/www.radioluna.it\/news\/wp-json\/wp\/v2\/media\/107100"}],"wp:attachment":[{"href":"https:\/\/www.radioluna.it\/news\/wp-json\/wp\/v2\/media?parent=376303"}],"wp:term":[{"taxonomy":"category","embeddable":true,"href":"https:\/\/www.radioluna.it\/news\/wp-json\/wp\/v2\/categories?post=376303"},{"taxonomy":"post_tag","embeddable":true,"href":"https:\/\/www.radioluna.it\/news\/wp-json\/wp\/v2\/tags?post=376303"}],"curies":[{"name":"wp","href":"https:\/\/api.w.org\/{rel}","templated":true}]}}